{"id":945,"date":"2016-02-29T15:37:10","date_gmt":"2016-02-29T14:37:10","guid":{"rendered":"https:\/\/www.lowi.es\/blog\/?p=945"},"modified":"2022-05-09T13:03:36","modified_gmt":"2022-05-09T11:03:36","slug":"curiosidades-que-ocurren-un-dia-bisiesto","status":"publish","type":"post","link":"https:\/\/www.lowi.es\/blog\/curiosidades-que-ocurren-un-dia-bisiesto\/","title":{"rendered":"Curiosidades que ocurren un &#8216;d\u00eda bisiesto&#8217;"},"content":{"rendered":"<p>Ya sabes que en Lowi te regalamos 200 megas el d\u00eda de tu cumple, pero si hoy cumples a\u00f1os <a href=\"https:\/\/twitter.com\/Lowi_es\/status\/704276276442488833\" target=\"_blank\" rel=\"noopener\">\u00a1te regalamos 800 megas por los a\u00f1os que no tienen cumple!<\/a> \u00a1As\u00ed de simple!<\/p>\n<p>Llevas 4 a\u00f1os esperando a que llegue este momento. Ha tenido que llegar 2016 para que febrero tenga un d\u00eda m\u00e1s. Es 29 de febrero y esto es muy extra\u00f1o. El mes es m\u00e1s largo y el a\u00f1o tambi\u00e9n. \u00bfCu\u00e1ntos d\u00edas tiene un a\u00f1o bisiesto? Pues muy f\u00e1cil, 366 d\u00edas. Seguro que te preguntas el porqu\u00e9 de un d\u00eda m\u00e1s. La realidad es que cada a\u00f1o tiene 365 d\u00edas y 6 horas, as\u00ed que, con el fin de corregir ese peque\u00f1o desfase, cada cuatro a\u00f1os se suma un d\u00eda extra.<\/p>\n<p>Y aunque solo sea un d\u00eda m\u00e1s en el calendario, ocurren cosas interesantes en un a\u00f1o bisiesto. \u00a1Mira, mira!<\/p>\n<div id=\"ez-toc-container\" class=\"ez-toc-v2_0_79_2 ez-toc-wrap-left counter-hierarchy ez-toc-counter ez-toc-custom ez-toc-container-direction\">\n<div class=\"ez-toc-title-container\">\n<p class=\"ez-toc-title\" style=\"cursor:inherit\">\u00cdndice de Contenidos<\/p>\n<span class=\"ez-toc-title-toggle\"><a href=\"#\" class=\"ez-toc-pull-right ez-toc-btn ez-toc-btn-xs ez-toc-btn-default ez-toc-toggle\" aria-label=\"Alternar tabla de contenidos\"><span class=\"ez-toc-js-icon-con\"><span class=\"\"><span class=\"eztoc-hide\" style=\"display:none;\">Toggle<\/span><span class=\"ez-toc-icon-toggle-span\"><svg style=\"fill: #696969;color:#696969\" xmlns=\"http:\/\/www.w3.org\/2000\/svg\" class=\"list-377408\" width=\"20px\" height=\"20px\" viewBox=\"0 0 24 24\" fill=\"none\"><path d=\"M6 6H4v2h2V6zm14 0H8v2h12V6zM4 11h2v2H4v-2zm16 0H8v2h12v-2zM4 16h2v2H4v-2zm16 0H8v2h12v-2z\" fill=\"currentColor\"><\/path><\/svg><svg style=\"fill: #696969;color:#696969\" class=\"arrow-unsorted-368013\" xmlns=\"http:\/\/www.w3.org\/2000\/svg\" width=\"10px\" height=\"10px\" viewBox=\"0 0 24 24\" version=\"1.2\" baseProfile=\"tiny\"><path d=\"M18.2 9.3l-6.2-6.3-6.2 6.3c-.2.2-.3.4-.3.7s.1.5.3.7c.2.2.4.3.7.3h11c.3 0 .5-.1.7-.3.2-.2.3-.5.3-.7s-.1-.5-.3-.7zM5.8 14.7l6.2 6.3 6.2-6.3c.2-.2.3-.5.3-.7s-.1-.5-.3-.7c-.2-.2-.4-.3-.7-.3h-11c-.3 0-.5.1-.7.3-.2.2-.3.5-.3.7s.1.5.3.7z\"\/><\/svg><\/span><\/span><\/span><\/a><\/span><\/div>\n<nav><ul class='ez-toc-list ez-toc-list-level-1 ' ><li class='ez-toc-page-1 ez-toc-heading-level-2'><a class=\"ez-toc-link ez-toc-heading-1\" href=\"https:\/\/www.lowi.es\/blog\/curiosidades-que-ocurren-un-dia-bisiesto\/#Cumpleanos_bisiestos\" >Cumplea\u00f1os bisiestos<\/a><\/li><li class='ez-toc-page-1 ez-toc-heading-level-2'><a class=\"ez-toc-link ez-toc-heading-2\" href=\"https:\/\/www.lowi.es\/blog\/curiosidades-que-ocurren-un-dia-bisiesto\/#El_ano_bisiesto_en_la_historia\" >El a\u00f1o bisiesto en la historia<\/a><\/li><li class='ez-toc-page-1 ez-toc-heading-level-2'><a class=\"ez-toc-link ez-toc-heading-3\" href=\"https:\/\/www.lowi.es\/blog\/curiosidades-que-ocurren-un-dia-bisiesto\/#Edicion_especial_solo_cada_4_anos\" >Edici\u00f3n especial solo cada 4 a\u00f1os<\/a><\/li><\/ul><\/nav><\/div>\n<h2><span class=\"ez-toc-section\" id=\"Cumpleanos_bisiestos\"><\/span><strong>Cumplea\u00f1os bisiestos<\/strong><span class=\"ez-toc-section-end\"><\/span><\/h2>\n<p>No es un mito, hay gente que nace el 29 de febrero. Las posibilidades que existen de nacer en esta fecha, son de 1 entre 1.600. Algo muy extra\u00f1o que ha ocurrido con esto de los nacimientos y el a\u00f1o bisiesto, es que una mujer noruega dio a luz a sus tres hijos el d\u00eda 29 de febrero. \u00a1Incre\u00edble! Hermanos que nacen el mismo d\u00eda y encima en &#8216;d\u00eda bisiesto&#8217;. Seguro que est\u00e1s con la t\u00edpica pregunta en la cabeza\u2026 \u00bfEsas personas cumplen a\u00f1os cada cuatro a\u00f1os? Estrictamente parecer\u00eda que s\u00ed, pero l\u00f3gicamente no es as\u00ed. Las personas que nacen el 29 de febrero celebran su cumplea\u00f1os el 1 de marzo o el 28 de febrero. Ellos eligen. \u00a1As\u00ed de simple! Claro que los a\u00f1os bisiestos esta celebraci\u00f3n es especial porque es realmente en el d\u00eda correcto.<\/p>\n<p>Por si te lo preguntas hay algunos famosos que nacieron en este d\u00eda tan raro, como por ejemplo, el l\u00edder del PSOE, Pedro S\u00e1nchez, el Papa Pablo III, el cineasta William A. Wellman o el poeta John Byron.<\/p>\n<h2><span class=\"ez-toc-section\" id=\"El_ano_bisiesto_en_la_historia\"><\/span><strong>El a\u00f1o bisiesto en la historia<\/strong><span class=\"ez-toc-section-end\"><\/span><\/h2>\n<p>Revisando la historia, en Inglaterra el d\u00eda 29 de febrero solo las mujeres pod\u00edan pedir matrimonio a los hombres. \u00a1Qu\u00e9 cosas! Y hablando de bodas, en Grecia casarse en a\u00f1o bisiesto da mala suerte. Hay gente que no cree en eso de las supersticiones, pero por si acaso, ya sabes.<\/p>\n<p><img loading=\"lazy\" decoding=\"async\" class=\"alignnone size-full wp-image-946\" src=\"https:\/\/www.lowi.es\/blog\/wp-content\/uploads\/2016\/02\/Boda-An\u0303o-bisiesto.jpg\" alt=\"Boda An\u0303o bisiesto\" width=\"750\" height=\"479\" srcset=\"https:\/\/www.lowi.es\/blog\/wp-content\/uploads\/2016\/02\/Boda-An\u0303o-bisiesto.jpg 658w, https:\/\/www.lowi.es\/blog\/wp-content\/uploads\/2016\/02\/Boda-An\u0303o-bisiesto-300x192.jpg 300w\" sizes=\"auto, (max-width: 750px) 100vw, 750px\" \/><\/p>\n<p>Durante 1929, la Uni\u00f3n Sovi\u00e9tica impuso un calendario en el que todos los meses ten\u00edan 30 d\u00edas. En 1930 y 1931 existi\u00f3 el 30 de febrero \u00a1qu\u00e9 pasada! Aunque, no fue por mucho tiempo, porque en 1932 el calendario volvi\u00f3 a ser como el que conocemos hoy en d\u00eda, cada mes tiene los d\u00edas que le corresponden.<\/p>\n<p>Lo que no nos gusta tanto del 29 de febrero es que ese mes se trabaja un d\u00eda m\u00e1s pero el sueldo sigue siendo el mismo. \u00a1Nos deben un d\u00eda de sueldo!<\/p>\n<h2><span class=\"ez-toc-section\" id=\"Edicion_especial_solo_cada_4_anos\"><\/span><strong>Edici\u00f3n especial solo cada 4 a\u00f1os<\/strong><span class=\"ez-toc-section-end\"><\/span><\/h2>\n<p>Una cosa muy curiosa es la del peri\u00f3dico franc\u00e9s <em>La Bougie du Sapeur<\/em>. Es un bolet\u00edn que s\u00f3lo publica cada cuatro a\u00f1os. \u00bfTe imaginas qu\u00e9 d\u00eda sale? Exacto, el 29 de febrero de cada a\u00f1o bisiesto. Hasta el momento s\u00f3lo se han publicado 9 ediciones.<\/p>\n<p><img loading=\"lazy\" decoding=\"async\" class=\"size-full wp-image-2182 aligncenter\" src=\"https:\/\/www.lowi.es\/blog\/wp-content\/uploads\/2016\/02\/Diario-Frances-ano-bisiesto.jpg\" alt=\"diario-frances-ano-bisiesto\" width=\"297\" height=\"420\" srcset=\"https:\/\/www.lowi.es\/blog\/wp-content\/uploads\/2016\/02\/Diario-Frances-ano-bisiesto.jpg 297w, https:\/\/www.lowi.es\/blog\/wp-content\/uploads\/2016\/02\/Diario-Frances-ano-bisiesto-212x300.jpg 212w\" sizes=\"auto, (max-width: 297px) 100vw, 297px\" \/><\/p>\n<p>Seguro que te pensabas que el 29 de febrero no pasaban tantas cosas, \u00a1pues s\u00ed! As\u00ed que disfruta este d\u00eda extra porque hasta dentro de 4 a\u00f1os no lo volver\u00e1s a vivir.<\/p>\n<p>&nbsp;<\/p>\n","protected":false},"excerpt":{"rendered":"<p> Ha tenido que llegar 2016 para que febrero tenga un d\u00eda m\u00e1s. Es 29 de febrero y esto es muy extra\u00f1o. Y aunque solo sea un d\u00eda m\u00e1s en el calendario, ocurren cosas interesantes en un a\u00f1o bisiesto. \u00a1Mira, mira!<\/p>\n","protected":false},"author":5,"featured_media":950,"comment_status":"open","ping_status":"closed","sticky":false,"template":"","format":"standard","meta":{"_uag_custom_page_level_css":"","footnotes":""},"categories":[2],"tags":[],"class_list":["post-945","post","type-post","status-publish","format-standard","has-post-thumbnail","hentry","category-cosas-de-lowi"],"jetpack_featured_media_url":"https:\/\/www.lowi.es\/blog\/wp-content\/uploads\/2016\/02\/an\u0303o-bisiesto.jpg","uagb_featured_image_src":{"full":["https:\/\/www.lowi.es\/blog\/wp-content\/uploads\/2016\/02\/an\u0303o-bisiesto.jpg",420,420,false],"thumbnail":["https:\/\/www.lowi.es\/blog\/wp-content\/uploads\/2016\/02\/an\u0303o-bisiesto-150x150.jpg",150,150,true],"medium":["https:\/\/www.lowi.es\/blog\/wp-content\/uploads\/2016\/02\/an\u0303o-bisiesto-300x300.jpg",300,300,true],"medium_large":["https:\/\/www.lowi.es\/blog\/wp-content\/uploads\/2016\/02\/an\u0303o-bisiesto.jpg",420,420,false],"large":["https:\/\/www.lowi.es\/blog\/wp-content\/uploads\/2016\/02\/an\u0303o-bisiesto.jpg",420,420,false],"1536x1536":["https:\/\/www.lowi.es\/blog\/wp-content\/uploads\/2016\/02\/an\u0303o-bisiesto.jpg",420,420,false],"2048x2048":["https:\/\/www.lowi.es\/blog\/wp-content\/uploads\/2016\/02\/an\u0303o-bisiesto.jpg",420,420,false],"authorship-box-avatar":["https:\/\/www.lowi.es\/blog\/wp-content\/uploads\/2016\/02\/an\u0303o-bisiesto.jpg",150,150,false],"authorship-box-related":["https:\/\/www.lowi.es\/blog\/wp-content\/uploads\/2016\/02\/an\u0303o-bisiesto.jpg",70,70,false],"small":["https:\/\/www.lowi.es\/blog\/wp-content\/uploads\/2016\/02\/an\u0303o-bisiesto.jpg",300,300,false],"yarpp-thumbnail":["https:\/\/www.lowi.es\/blog\/wp-content\/uploads\/2016\/02\/an\u0303o-bisiesto.jpg",120,120,false]},"uagb_author_info":{"display_name":"Lowi","author_link":"https:\/\/www.lowi.es\/blog\/autor\/blog-lowi\/"},"uagb_comment_info":0,"uagb_excerpt":"Ha tenido que llegar 2016 para que febrero tenga un d\u00eda m\u00e1s. Es 29 de febrero y esto es muy extra\u00f1o. Y aunque solo sea un d\u00eda m\u00e1s en el calendario, ocurren cosas interesantes en un a\u00f1o bisiesto. \u00a1Mira, mira!","jetpack_sharing_enabled":true,"_links":{"self":[{"href":"https:\/\/www.lowi.es\/blog\/wp-json\/wp\/v2\/posts\/945","targetHints":{"allow":["GET"]}}],"collection":[{"href":"https:\/\/www.lowi.es\/blog\/wp-json\/wp\/v2\/posts"}],"about":[{"href":"https:\/\/www.lowi.es\/blog\/wp-json\/wp\/v2\/types\/post"}],"author":[{"embeddable":true,"href":"https:\/\/www.lowi.es\/blog\/wp-json\/wp\/v2\/users\/5"}],"replies":[{"embeddable":true,"href":"https:\/\/www.lowi.es\/blog\/wp-json\/wp\/v2\/comments?post=945"}],"version-history":[{"count":3,"href":"https:\/\/www.lowi.es\/blog\/wp-json\/wp\/v2\/posts\/945\/revisions"}],"predecessor-version":[{"id":5171,"href":"https:\/\/www.lowi.es\/blog\/wp-json\/wp\/v2\/posts\/945\/revisions\/5171"}],"wp:featuredmedia":[{"embeddable":true,"href":"https:\/\/www.lowi.es\/blog\/wp-json\/wp\/v2\/media\/950"}],"wp:attachment":[{"href":"https:\/\/www.lowi.es\/blog\/wp-json\/wp\/v2\/media?parent=945"}],"wp:term":[{"taxonomy":"category","embeddable":true,"href":"https:\/\/www.lowi.es\/blog\/wp-json\/wp\/v2\/categories?post=945"},{"taxonomy":"post_tag","embeddable":true,"href":"https:\/\/www.lowi.es\/blog\/wp-json\/wp\/v2\/tags?post=945"}],"curies":[{"name":"wp","href":"https:\/\/api.w.org\/{rel}","templated":true}]}}