{"id":8736,"date":"2021-01-27T17:00:49","date_gmt":"2021-01-27T16:00:49","guid":{"rendered":"https:\/\/www.lowi.es\/blog\/?p=8736"},"modified":"2022-10-25T10:30:21","modified_gmt":"2022-10-25T08:30:21","slug":"mascarilla-inteligente-modelos-marcas","status":"publish","type":"post","link":"https:\/\/www.lowi.es\/blog\/mascarilla-inteligente-modelos-marcas\/","title":{"rendered":"\u00bfTe pondr\u00edas una mascarilla inteligente? As\u00ed son las mascarillas del futuro"},"content":{"rendered":"<p><span style=\"font-weight: 400;\">No nos hemos vuelto locos, <\/span><b>la tecnolog\u00eda ha llegado tambi\u00e9n a las mascarillas<\/b><span style=\"font-weight: 400;\">. As\u00ed que, deja de buscar mascarillas higi\u00e9nicas, quir\u00fargicas, FFFP2 o de tela sin m\u00e1s porque eso, cuando menos te lo esperes, <\/span><b>formar\u00e1 parte de tu yo del pasado<\/b><span style=\"font-weight: 400;\">.\u00a0<\/span><\/p>\n<p><span style=\"font-weight: 400;\">Si ya nos parec\u00eda de ciencia ficci\u00f3n el tema de las <\/span><a href=\"https:\/\/www.lowi.es\/blog\/productos-para-convertir-tu-casa-en-una-smart-home\/\"><span style=\"font-weight: 400;\">Smart Home<\/span><\/a><span style=\"font-weight: 400;\">, \u00bfc\u00f3mo se te ha quedado el cuerpo con esto de las mascarillas inteligentes?\u00a0<\/span><\/p>\n<p><span style=\"font-weight: 400;\">No salgas corriendo a tu tienda de confianza a comprar tres porque seguramente no las encuentres. De momento <\/span><b>no son mascarillas muy implantadas en nuestro pa\u00eds<\/b><span style=\"font-weight: 400;\">, pero estamos seguros de que m\u00e1s pronto que tarde <\/span><b>todos tendremos nuestra mascarilla inteligente<\/b><span style=\"font-weight: 400;\">. As\u00ed que, para que te vayas preparando mentalmente, te contamos c\u00f3mo ser\u00e1n y qu\u00e9 har\u00e1n.<\/span><\/p>\n<p><span style=\"font-weight: 400;\">Qui\u00e9n sabe\u2026 igual tienes que ir pensando cu\u00e1ntos gigas necesitas contratar para tu mascarilla inteligente.<\/span><\/p>\n<hr \/>\n<p><a href=\"https:\/\/www.lowi.es\/ofertas-fibra-mas-movil\/\"><img loading=\"lazy\" decoding=\"async\" class=\"aligncenter size-full wp-image-8652\" src=\"https:\/\/www.lowi.es\/blog\/wp-content\/uploads\/2021\/01\/banner-convergencia-lineas-adicionales-lowi.gif\" alt=\"Banner - Tarifa convergente con una l\u00ednea adicional\" width=\"336\" height=\"280\" \/><\/a><\/p>\n<hr \/>\n<div id=\"ez-toc-container\" class=\"ez-toc-v2_0_79_2 ez-toc-wrap-left counter-hierarchy ez-toc-counter ez-toc-custom ez-toc-container-direction\">\n<div class=\"ez-toc-title-container\">\n<p class=\"ez-toc-title\" style=\"cursor:inherit\">\u00cdndice de Contenidos<\/p>\n<span class=\"ez-toc-title-toggle\"><a href=\"#\" class=\"ez-toc-pull-right ez-toc-btn ez-toc-btn-xs ez-toc-btn-default ez-toc-toggle\" aria-label=\"Alternar tabla de contenidos\"><span class=\"ez-toc-js-icon-con\"><span class=\"\"><span class=\"eztoc-hide\" style=\"display:none;\">Toggle<\/span><span class=\"ez-toc-icon-toggle-span\"><svg style=\"fill: #696969;color:#696969\" xmlns=\"http:\/\/www.w3.org\/2000\/svg\" class=\"list-377408\" width=\"20px\" height=\"20px\" viewBox=\"0 0 24 24\" fill=\"none\"><path d=\"M6 6H4v2h2V6zm14 0H8v2h12V6zM4 11h2v2H4v-2zm16 0H8v2h12v-2zM4 16h2v2H4v-2zm16 0H8v2h12v-2z\" fill=\"currentColor\"><\/path><\/svg><svg style=\"fill: #696969;color:#696969\" class=\"arrow-unsorted-368013\" xmlns=\"http:\/\/www.w3.org\/2000\/svg\" width=\"10px\" height=\"10px\" viewBox=\"0 0 24 24\" version=\"1.2\" baseProfile=\"tiny\"><path d=\"M18.2 9.3l-6.2-6.3-6.2 6.3c-.2.2-.3.4-.3.7s.1.5.3.7c.2.2.4.3.7.3h11c.3 0 .5-.1.7-.3.2-.2.3-.5.3-.7s-.1-.5-.3-.7zM5.8 14.7l6.2 6.3 6.2-6.3c.2-.2.3-.5.3-.7s-.1-.5-.3-.7c-.2-.2-.4-.3-.7-.3h-11c-.3 0-.5.1-.7.3-.2.2-.3.5-.3.7s.1.5.3.7z\"\/><\/svg><\/span><\/span><\/span><\/a><\/span><\/div>\n<nav><ul class='ez-toc-list ez-toc-list-level-1 ' ><li class='ez-toc-page-1 ez-toc-heading-level-2'><a class=\"ez-toc-link ez-toc-heading-1\" href=\"https:\/\/www.lowi.es\/blog\/mascarilla-inteligente-modelos-marcas\/#%C2%BFA_que_llamamos_mascarilla_inteligente\" >\u00bfA qu\u00e9 llamamos mascarilla inteligente?<\/a><\/li><li class='ez-toc-page-1 ez-toc-heading-level-2'><a class=\"ez-toc-link ez-toc-heading-2\" href=\"https:\/\/www.lowi.es\/blog\/mascarilla-inteligente-modelos-marcas\/#%C2%BFComo_es_la_evolucion_de_las_mascarillas_inteligentes\" >\u00bfC\u00f3mo es la evoluci\u00f3n de las mascarillas inteligentes?\u00a0<\/a><ul class='ez-toc-list-level-3' ><li class='ez-toc-heading-level-3'><a class=\"ez-toc-link ez-toc-heading-3\" href=\"https:\/\/www.lowi.es\/blog\/mascarilla-inteligente-modelos-marcas\/#%C2%BFQue_ejemplos_tenemos\" >\u00bfQu\u00e9 ejemplos tenemos?<\/a><\/li><\/ul><\/li><\/ul><\/nav><\/div>\n<h2><span class=\"ez-toc-section\" id=\"%C2%BFA_que_llamamos_mascarilla_inteligente\"><\/span><b>\u00bfA qu\u00e9 llamamos mascarilla inteligente?<\/b><span class=\"ez-toc-section-end\"><\/span><\/h2>\n<p><span style=\"font-weight: 400;\">Seguro que has o\u00eddo hablar de los <\/span><b>tejidos inteligentes para mascarillas<\/b><span style=\"font-weight: 400;\">, pero no es eso a lo que nos referimos. Es cierto que las empresas de I+D han puesto las cabecitas privilegiadas de sus trabajadores a funcionar para <\/span><b>encontrar el mejor remedio contra el Covid<\/b><span style=\"font-weight: 400;\">. Primero aparecieron las <\/span><b>mascarillas con tejido con biocidos<\/b><span style=\"font-weight: 400;\"> o de <\/span><b>carb\u00f3n activo<\/b><span style=\"font-weight: 400;\"> que lo que hacen es matar el virus cuando este entra en contacto con el tejido. Pero sigamos avanzando\u2026<\/span><\/p>\n<p><span style=\"font-weight: 400;\">Despu\u00e9s <\/span><b>LG despunt\u00f3 con un lanzamiento en Espa\u00f1a<\/b><span style=\"font-weight: 400;\"> donde nos olvid\u00e1bamos de los tel\u00e9fonos m\u00f3viles, las televisiones, los electrodom\u00e9sticos y todos esos aparatos tecnol\u00f3gicos a los que la marca nos tiene acostumbrados para dar la bienvenida a las <\/span><a href=\"https:\/\/www.lg.com\/es\/higiene-y-purificacion\/lg-ap300awfa\" target=\"_blank\" rel=\"noopener noreferrer\"><b>LG<\/b> <b>PuriCare Air Purifying Mask<\/b><\/a><span style=\"font-weight: 400;\">, una mascarilla inteligente. Esto s\u00ed que ha sido adaptarse a la nueva normalidad, \u00bfno? \u00bfQu\u00e9 hace la mascarilla de LG? Porque claro, de alguna manera tenemos que justificar los <\/span><b>m\u00e1s de 100 euros<\/b><span style=\"font-weight: 400;\"> que cuesta. Pues bien, han creado un sistema de ventilaci\u00f3n para ayudar a respirar a quien la lleva puesta. Es una mascarilla un poco voluminosa porque <\/span><b>incorpora un ventilador a cada lado de la cara<\/b><span style=\"font-weight: 400;\"> que va renovando el flujo de aire, adem\u00e1s de varios filtros de protecci\u00f3n contra part\u00edculas de polvo, polen y, por supuesto Covid y una bater\u00eda para que funcionen sus ventiladores. Eso s\u00ed, va colocada tan herm\u00e9ticamente y adaptada al mil\u00edmetro que no deja que se escape nada de aire. Quienes sufren el <\/span><b>vaho en las gafas<\/b><span style=\"font-weight: 400;\"> est\u00e1n de suerte.\u00a0<\/span><\/p>\n<p><span style=\"font-weight: 400;\">Pero tampoco es esto a lo que nos referimos&#8230;<\/span><\/p>\n<h2><span class=\"ez-toc-section\" id=\"%C2%BFComo_es_la_evolucion_de_las_mascarillas_inteligentes\"><\/span><b>\u00bfC\u00f3mo es la evoluci\u00f3n de las mascarillas inteligentes?\u00a0<\/b><span class=\"ez-toc-section-end\"><\/span><\/h2>\n<p><span style=\"font-weight: 400;\">No le queremos restar importancia a los dos avances anteriores porque en esto del Covid cualquier ayuda es m\u00e1s que bienvenida. Pero cuando hablamos de mascarilla inteligente nos referimos a una <\/span><b>aut\u00e9ntica revoluci\u00f3n tecnol\u00f3gica en el mundo de las mascarillas<\/b><span style=\"font-weight: 400;\">. Es decir, poder escuchar m\u00fasica, amplificar el sonido o a\u00f1adir luces, por ejemplo. S\u00ed, tan surrealista como cierto.<\/span><\/p>\n<p><span style=\"font-weight: 400;\">Est\u00e1 claro que las mascarillas han pasado a formar parte de nuestra vida y que cuanto antes aceptemos que van a estar un tiempo con nosotros, mejor nos ir\u00e1. Por eso hay empresas que han empezado a crear lo que podr\u00edamos denominar como la <\/span><b>mascarilla 2.0.<\/b><span style=\"font-weight: 400;\">\u00a0<\/span><\/p>\n<h3><span class=\"ez-toc-section\" id=\"%C2%BFQue_ejemplos_tenemos\"><\/span><b>\u00bfQu\u00e9 ejemplos tenemos?<\/b><span class=\"ez-toc-section-end\"><\/span><\/h3>\n<ul>\n<li style=\"font-weight: 400;\" aria-level=\"1\"><a href=\"https:\/\/cliu.it\/es\/store\/cliu-pro\/\" target=\"_blank\" rel=\"noopener noreferrer\"><span style=\"font-weight: 400;\">CLIO Pro<\/span><\/a><span style=\"font-weight: 400;\">, \u201c<\/span><b>la mascarilla revolucionaria<\/b><span style=\"font-weight: 400;\">\u201d como la propia empresa ha denominado. Tiene un dise\u00f1o podr\u00edamos decir bonito, con una zona central transparente. Pero claro, no es ese el motivo por el cual se ha colado en esta lista. Las CLIO Pro tienen <\/span><b>anti-vaho, conexi\u00f3n bluetooth y micr\u00f3fono<\/b><span style=\"font-weight: 400;\">. Te puedes conectar desde ellas a tu Smartphone y recibir informaci\u00f3n sobre salud, la calidad del aire que est\u00e1s respirando o la frecuencia cardiaca.<\/span><\/li>\n<li style=\"font-weight: 400;\" aria-level=\"1\"><a href=\"https:\/\/en.donutrobotics.com\/c-mask\" target=\"_blank\" rel=\"noopener noreferrer\"><span style=\"font-weight: 400;\">C-Face Donut Robotics<\/span><\/a><span style=\"font-weight: 400;\"> es una mascarilla que hay que coger un poco con pinzas. \u00bfPor qu\u00e9? Porque no te sirve como barrera anti-covid. La empresa ha aprovechado el tir\u00f3n de las mascarillas para crear una \u201cmascarilla\u201d tecnol\u00f3gica que nos ofrece una serie de servicios, pero desde luego <\/span><b>no nos protege del virus<\/b><span style=\"font-weight: 400;\">. As\u00ed que, cuidadito al usarla porque <\/span><b>podemos tener una falsa sensaci\u00f3n de protecci\u00f3n<\/b><span style=\"font-weight: 400;\">. Si vas a utilizar la C-Face Donut Robotics tendr\u00e1s que hacerlo con tu mascarilla higi\u00e9nica debajo. Lo que s\u00ed podr\u00e1s hacer con la C-Face Donut Robotics es <\/span><b>traducir tus conversaciones<\/b><span style=\"font-weight: 400;\"> a varios idiomas, conectar el Bluetooth, <\/span><b>grabar sonidos o hacer llamadas<\/b><span style=\"font-weight: 400;\">.\u00a0<\/span><\/li>\n<li style=\"font-weight: 400;\" aria-level=\"1\"><span style=\"font-weight: 400;\">Proyecto Hazel de <\/span><a href=\"https:\/\/www.razer.com\/\" target=\"_blank\" rel=\"noopener noreferrer\"><span style=\"font-weight: 400;\">Razer<\/span><\/a><span style=\"font-weight: 400;\"> es una mascarilla inteligente todav\u00eda en desarrollo. Este prototipo de mascarilla tambi\u00e9n ha apostado por el frontal transparente y un sistema de ventilaci\u00f3n del aire, adem\u00e1s de a\u00f1adir <\/span><b>micr\u00f3fono y amplificador de voz<\/b><span style=\"font-weight: 400;\">. Las diferentes piezas de la mascarilla se recargar\u00e1n por separado, aprovechando los <\/span><b>estuches de carga como espacio de desinfecci\u00f3n<\/b><span style=\"font-weight: 400;\">. Tiene una est\u00e9tica m\u00e1s moderna, siguiendo la l\u00ednea gamer de la marca. Como todav\u00eda est\u00e1 en periodo de pruebas, y no la puedes encontrar en su web, te dejamos su <\/span><a href=\"https:\/\/www.youtube.com\/watch?v=FvWiCclESL8\" target=\"_blank\" rel=\"noopener noreferrer\"><span style=\"font-weight: 400;\">v\u00eddeo<\/span><\/a><span style=\"font-weight: 400;\"> explicativo.\u00a0<\/span><\/li>\n<\/ul>\n<p><span style=\"font-weight: 400;\">Y ahora, \u00bfest\u00e1s preparado para las mascarillas del futuro? \u00bfCrees que estas mascarillas inteligentes son \u00fatiles?\u00a0<\/span><\/p>\n","protected":false},"excerpt":{"rendered":"<p>Nos hemos acostumbrado a vivir con mascarilla, pero si te crees que no hay vida m\u00e1s all\u00e1 de las higi\u00e9nicas, las quir\u00fargicas, las FFFP o las de tela&#8230; ya va siendo hora de que conozcas las mascarillas inteligentes. <\/p>\n","protected":false},"author":5,"featured_media":8737,"comment_status":"open","ping_status":"closed","sticky":false,"template":"","format":"standard","meta":{"_uag_custom_page_level_css":"","footnotes":""},"categories":[6],"tags":[207],"class_list":["post-8736","post","type-post","status-publish","format-standard","has-post-thumbnail","hentry","category-tecnologia","tag-tendencias"],"jetpack_featured_media_url":"https:\/\/www.lowi.es\/blog\/wp-content\/uploads\/2021\/01\/mascarillas-inteligentes.jpg","uagb_featured_image_src":{"full":["https:\/\/www.lowi.es\/blog\/wp-content\/uploads\/2021\/01\/mascarillas-inteligentes.jpg",751,401,false],"thumbnail":["https:\/\/www.lowi.es\/blog\/wp-content\/uploads\/2021\/01\/mascarillas-inteligentes-150x150.jpg",150,150,true],"medium":["https:\/\/www.lowi.es\/blog\/wp-content\/uploads\/2021\/01\/mascarillas-inteligentes-300x160.jpg",300,160,true],"medium_large":["https:\/\/www.lowi.es\/blog\/wp-content\/uploads\/2021\/01\/mascarillas-inteligentes.jpg",751,401,false],"large":["https:\/\/www.lowi.es\/blog\/wp-content\/uploads\/2021\/01\/mascarillas-inteligentes.jpg",751,401,false],"1536x1536":["https:\/\/www.lowi.es\/blog\/wp-content\/uploads\/2021\/01\/mascarillas-inteligentes.jpg",751,401,false],"2048x2048":["https:\/\/www.lowi.es\/blog\/wp-content\/uploads\/2021\/01\/mascarillas-inteligentes.jpg",751,401,false],"authorship-box-avatar":["https:\/\/www.lowi.es\/blog\/wp-content\/uploads\/2021\/01\/mascarillas-inteligentes.jpg",150,80,false],"authorship-box-related":["https:\/\/www.lowi.es\/blog\/wp-content\/uploads\/2021\/01\/mascarillas-inteligentes.jpg",70,37,false],"small":["https:\/\/www.lowi.es\/blog\/wp-content\/uploads\/2021\/01\/mascarillas-inteligentes.jpg",300,160,false],"yarpp-thumbnail":["https:\/\/www.lowi.es\/blog\/wp-content\/uploads\/2021\/01\/mascarillas-inteligentes.jpg",120,64,false]},"uagb_author_info":{"display_name":"Lowi","author_link":"https:\/\/www.lowi.es\/blog\/autor\/blog-lowi\/"},"uagb_comment_info":0,"uagb_excerpt":"Nos hemos acostumbrado a vivir con mascarilla, pero si te crees que no hay vida m\u00e1s all\u00e1 de las higi\u00e9nicas, las quir\u00fargicas, las FFFP o las de tela... ya va siendo hora de que conozcas las mascarillas inteligentes.","jetpack_sharing_enabled":true,"_links":{"self":[{"href":"https:\/\/www.lowi.es\/blog\/wp-json\/wp\/v2\/posts\/8736","targetHints":{"allow":["GET"]}}],"collection":[{"href":"https:\/\/www.lowi.es\/blog\/wp-json\/wp\/v2\/posts"}],"about":[{"href":"https:\/\/www.lowi.es\/blog\/wp-json\/wp\/v2\/types\/post"}],"author":[{"embeddable":true,"href":"https:\/\/www.lowi.es\/blog\/wp-json\/wp\/v2\/users\/5"}],"replies":[{"embeddable":true,"href":"https:\/\/www.lowi.es\/blog\/wp-json\/wp\/v2\/comments?post=8736"}],"version-history":[{"count":2,"href":"https:\/\/www.lowi.es\/blog\/wp-json\/wp\/v2\/posts\/8736\/revisions"}],"predecessor-version":[{"id":8739,"href":"https:\/\/www.lowi.es\/blog\/wp-json\/wp\/v2\/posts\/8736\/revisions\/8739"}],"wp:featuredmedia":[{"embeddable":true,"href":"https:\/\/www.lowi.es\/blog\/wp-json\/wp\/v2\/media\/8737"}],"wp:attachment":[{"href":"https:\/\/www.lowi.es\/blog\/wp-json\/wp\/v2\/media?parent=8736"}],"wp:term":[{"taxonomy":"category","embeddable":true,"href":"https:\/\/www.lowi.es\/blog\/wp-json\/wp\/v2\/categories?post=8736"},{"taxonomy":"post_tag","embeddable":true,"href":"https:\/\/www.lowi.es\/blog\/wp-json\/wp\/v2\/tags?post=8736"}],"curies":[{"name":"wp","href":"https:\/\/api.w.org\/{rel}","templated":true}]}}