{"id":16684,"date":"2024-12-30T08:30:00","date_gmt":"2024-12-30T07:30:00","guid":{"rendered":"https:\/\/www.lowi.es\/blog\/?p=16684"},"modified":"2025-06-30T21:44:59","modified_gmt":"2025-06-30T19:44:59","slug":"es-obligatorio-cambiar-a-fibra-optica","status":"publish","type":"post","link":"https:\/\/www.lowi.es\/blog\/es-obligatorio-cambiar-a-fibra-optica\/","title":{"rendered":"\u00bfEs obligatorio cambiar a fibra \u00f3ptica? Todos los detalles"},"content":{"rendered":"\n<p>En la actualidad, donde la velocidad y la estabilidad de la conexi\u00f3n a Internet son esenciales, la<strong> fibra \u00f3ptica se ha convertido en el est\u00e1ndar de comunicaci\u00f3n<\/strong>.<\/p>\n\n\n\n<p>Si en tu hogar o edificio a\u00fan no hab\u00e9is dado el paso, es posible que te preguntes si es obligatorio cambiar a fibra \u00f3ptica.<\/p>\n\n\n\n<p>En Lowi, una de las <a href=\"https:\/\/www.lowi.es\/\" data-type=\"link\" data-id=\"https:\/\/www.lowi.es\/\">compa\u00f1\u00edas de fibra y m\u00f3vil<\/a> m\u00e1s accesibles y transparentes, queremos despejar todas tus dudas y darte todas las indicaciones sobre ello.<\/p>\n\n\n\n<div id=\"ez-toc-container\" class=\"ez-toc-v2_0_79_2 ez-toc-wrap-left counter-hierarchy ez-toc-counter ez-toc-custom ez-toc-container-direction\">\n<div class=\"ez-toc-title-container\">\n<p class=\"ez-toc-title\" style=\"cursor:inherit\">\u00cdndice de Contenidos<\/p>\n<span class=\"ez-toc-title-toggle\"><a href=\"#\" class=\"ez-toc-pull-right ez-toc-btn ez-toc-btn-xs ez-toc-btn-default ez-toc-toggle\" aria-label=\"Alternar tabla de contenidos\"><span class=\"ez-toc-js-icon-con\"><span class=\"\"><span class=\"eztoc-hide\" style=\"display:none;\">Toggle<\/span><span class=\"ez-toc-icon-toggle-span\"><svg style=\"fill: #696969;color:#696969\" xmlns=\"http:\/\/www.w3.org\/2000\/svg\" class=\"list-377408\" width=\"20px\" height=\"20px\" viewBox=\"0 0 24 24\" fill=\"none\"><path d=\"M6 6H4v2h2V6zm14 0H8v2h12V6zM4 11h2v2H4v-2zm16 0H8v2h12v-2zM4 16h2v2H4v-2zm16 0H8v2h12v-2z\" fill=\"currentColor\"><\/path><\/svg><svg style=\"fill: #696969;color:#696969\" class=\"arrow-unsorted-368013\" xmlns=\"http:\/\/www.w3.org\/2000\/svg\" width=\"10px\" height=\"10px\" viewBox=\"0 0 24 24\" version=\"1.2\" baseProfile=\"tiny\"><path d=\"M18.2 9.3l-6.2-6.3-6.2 6.3c-.2.2-.3.4-.3.7s.1.5.3.7c.2.2.4.3.7.3h11c.3 0 .5-.1.7-.3.2-.2.3-.5.3-.7s-.1-.5-.3-.7zM5.8 14.7l6.2 6.3 6.2-6.3c.2-.2.3-.5.3-.7s-.1-.5-.3-.7c-.2-.2-.4-.3-.7-.3h-11c-.3 0-.5.1-.7.3-.2.2-.3.5-.3.7s.1.5.3.7z\"\/><\/svg><\/span><\/span><\/span><\/a><\/span><\/div>\n<nav><ul class='ez-toc-list ez-toc-list-level-1 ' ><li class='ez-toc-page-1 ez-toc-heading-level-2'><a class=\"ez-toc-link ez-toc-heading-1\" href=\"https:\/\/www.lowi.es\/blog\/es-obligatorio-cambiar-a-fibra-optica\/#%C2%BFPor_que_deberia_instalar_y_cambiar_a_fibra_optica\" >\u00bfPor qu\u00e9 deber\u00eda instalar y cambiar a fibra \u00f3ptica?<\/a><\/li><li class='ez-toc-page-1 ez-toc-heading-level-2'><a class=\"ez-toc-link ez-toc-heading-2\" href=\"https:\/\/www.lowi.es\/blog\/es-obligatorio-cambiar-a-fibra-optica\/#%C2%BFEs_obligatorio_cambiar_de_ADSL_a_fibra_optica\" >\u00bfEs obligatorio cambiar de ADSL a fibra \u00f3ptica?<\/a><\/li><li class='ez-toc-page-1 ez-toc-heading-level-2'><a class=\"ez-toc-link ez-toc-heading-3\" href=\"https:\/\/www.lowi.es\/blog\/es-obligatorio-cambiar-a-fibra-optica\/#%C2%BFQuien_puede_solicitar_la_instalacion_de_la_fibra_optica\" >\u00bfQui\u00e9n puede solicitar la instalaci\u00f3n de la fibra \u00f3ptica?<\/a><\/li><li class='ez-toc-page-1 ez-toc-heading-level-2'><a class=\"ez-toc-link ez-toc-heading-4\" href=\"https:\/\/www.lowi.es\/blog\/es-obligatorio-cambiar-a-fibra-optica\/#%C2%BFQue_ocurre_si_un_vecino_de_mi_comunidad_se_niega_a_instalar_fibra_optica\" >\u00bfQu\u00e9 ocurre si un vecino de mi comunidad se niega a instalar fibra \u00f3ptica?<\/a><\/li><li class='ez-toc-page-1 ez-toc-heading-level-2'><a class=\"ez-toc-link ez-toc-heading-5\" href=\"https:\/\/www.lowi.es\/blog\/es-obligatorio-cambiar-a-fibra-optica\/#Preguntas_frecuentes_sobre_la_obligacion_a_cambiar_a_fibra_optica\" >Preguntas frecuentes sobre la obligaci\u00f3n a cambiar a fibra \u00f3ptica<\/a><ul class='ez-toc-list-level-3' ><li class='ez-toc-heading-level-3'><a class=\"ez-toc-link ez-toc-heading-6\" href=\"https:\/\/www.lowi.es\/blog\/es-obligatorio-cambiar-a-fibra-optica\/#%C2%BFQue_hacer_si_en_mi_zona_no_hay_fibra_optica_disponible\" >\u00bfQu\u00e9 hacer si en mi zona no hay fibra \u00f3ptica disponible?<\/a><\/li><li class='ez-toc-page-1 ez-toc-heading-level-3'><a class=\"ez-toc-link ez-toc-heading-7\" href=\"https:\/\/www.lowi.es\/blog\/es-obligatorio-cambiar-a-fibra-optica\/#Una_vez_iniciado_el_proceso_%C2%BFcuanto_tiempo_tarda_la_instalacion_de_fibra_optica\" >Una vez iniciado el proceso, \u00bfcu\u00e1nto tiempo tarda la instalaci\u00f3n de fibra \u00f3ptica?<\/a><\/li><\/ul><\/li><\/ul><\/nav><\/div>\n<h2 class=\"wp-block-heading\"><span class=\"ez-toc-section\" id=\"%C2%BFPor_que_deberia_instalar_y_cambiar_a_fibra_optica\"><\/span>\u00bfPor qu\u00e9 deber\u00eda instalar y cambiar a fibra \u00f3ptica?<span class=\"ez-toc-section-end\"><\/span><\/h2>\n\n\n\n<p>La <strong>fibra \u00f3ptica<\/strong> ofrece una serie de<strong> ventajas que mejoran significativamente tu experiencia online.&nbsp;<\/strong><\/p>\n\n\n\n<p>\u00bfTe imaginas descargar pel\u00edculas en segundos? o \u00bfjugar online sin ning\u00fan tipo de interrupci\u00f3n o lag? Esto es posible gracias a<strong> la fibra \u00f3ptica que supera con creces a conexiones tradicionales como el ADSL<\/strong>. Entre sus principales caracter\u00edsticas destacan:<\/p>\n\n\n\n<ul class=\"wp-block-list\">\n<li><strong>Mayor ancho de banda. <\/strong>La fibra \u00f3ptica tiene un mayor <a href=\"https:\/\/www.lowi.es\/glosario\/que-es-ancho-de-banda\/\">ancho de banda<\/a> que otras conexiones, ya que permite transmitir mayor cantidad de datos en un periodo de tiempo determinados.<\/li>\n\n\n\n<li><strong>Conexi\u00f3n a <\/strong><a href=\"https:\/\/www.lowi.es\/blog\/que-es-la-fibra-optica-simetrica\/\"><strong>Internet sim\u00e9trica<\/strong><\/a><strong>.<\/strong> A diferencia del ADSL, la fibra \u00f3ptica ofrece la misma velocidad de subida y de bajada, por lo que tanto para subir archivos a la red como descargar documentos o hacer videollamadas, disfrutar\u00e1s de una conexi\u00f3n estable.<\/li>\n\n\n\n<li><strong>Menor latencia.<\/strong> La fibra \u00f3ptica reduce significativamente la <a href=\"https:\/\/www.lowi.es\/glosario\/latencia\/\">latencia<\/a>, lo que se traduce en una respuesta m\u00e1s r\u00e1pida. Especialmente interesante si te gusta jugar online ya que desde que pulses un bot\u00f3n en el mando hasta que se ejecute la acci\u00f3n, no pasar\u00e1 ni un segundo.<\/li>\n\n\n\n<li><strong>M\u00faltiples dispositivos conectados simult\u00e1neamente.<\/strong> En aquellos hogares donde hay muchos dispositivos conectados al mismo tiempo, la fibra \u00f3ptica permite que la conexi\u00f3n sea de calidad en todos ellos sin que nadie tenga que desconectarse de la red.<\/li>\n\n\n\n<li><strong>A prueba del futuro. <\/strong>Si decides iniciar la transici\u00f3n a la fibra \u00f3ptica, estar\u00e1s optando por una tecnolog\u00eda que comienza a ser el est\u00e1ndar, es decir, no tendr\u00e1s que preocuparte en muchos a\u00f1os de cambiar tu servicio de Internet.<\/li>\n<\/ul>\n\n\n\n<p>Adem\u00e1s, la fibra \u00f3ptica es m\u00e1s estable, lo que significa que<strong> tiene menos cortes o interrupciones molestas.<\/strong><\/p>\n\n\n\n<p>Si trabajas desde casa, estudias online o, simplemente, disfrutas de contenido en streaming, la fibra \u00f3ptica proporcionar\u00e1 la conexi\u00f3n que necesitas para un rendimiento \u00f3ptimo.<\/p>\n\n\n\n<h2 class=\"wp-block-heading\"><span class=\"ez-toc-section\" id=\"%C2%BFEs_obligatorio_cambiar_de_ADSL_a_fibra_optica\"><\/span>\u00bfEs obligatorio cambiar de ADSL a fibra \u00f3ptica?<span class=\"ez-toc-section-end\"><\/span><\/h2>\n\n\n\n<p><strong>La respuesta corta es no<\/strong>. No hay una obligaci\u00f3n legal de cambiar de <a href=\"https:\/\/www.lowi.es\/glosario\/que-es-adsl\/\">ADSL<\/a> a fibra \u00f3ptica.<\/p>\n\n\n\n<p>No obstante, <strong>las compa\u00f1\u00edas de telecomunicaciones est\u00e1n invirtiendo cada vez m\u00e1s en el despliegue de la fibra \u00f3ptica<\/strong> por todo el territorio nacional y, en muchos casos, el <strong>ADSL est\u00e1 siendo poco a poco reemplazado<\/strong>.<\/p>\n\n\n\n<p>Si a\u00fan no conoces <a href=\"https:\/\/www.lowi.es\/blog\/que-diferencias-hay-entre-adsl-y-fibra-optica\/\">la diferencia entre la fibra \u00f3ptica y el ADSL<\/a>, puedes leer aqu\u00ed todos los detalles.<\/p>\n\n\n\n<p>Es posible que <strong>dentro de un tiempo la fibra \u00f3ptica sea la \u00fanica opci\u00f3n de tener Internet en casa<\/strong> y por eso te recomendamos que te mantengas informado sobre la disponibilidad en tu zona.<\/p>\n\n\n\n<p>Si, adem\u00e1s, est\u00e1s pensando en dar el cambio cuanto antes, te interesar\u00e1n nuestras ofertas de fibra Fit, las tarifas de Internet en casa m\u00e1s baratas de Lowi.<\/p>\n\n\n\n<p class=\"has-text-align-center\"><a class=\"fasc-button fasc-size-medium fasc-type-flat fasc-rounded-medium fasc-ico-before dashicons-arrow-right-alt fasc-style-bold\" style=\"background-color: #df3343; color: #ffffff;\" href=\"https:\/\/www.lowi.es\/solo-fibra\/\">Fibra Fit de Lowi<\/a><\/p>\n\n\n\n<h2 class=\"wp-block-heading\"><span class=\"ez-toc-section\" id=\"%C2%BFQuien_puede_solicitar_la_instalacion_de_la_fibra_optica\"><\/span>\u00bfQui\u00e9n puede solicitar la instalaci\u00f3n de la fibra \u00f3ptica?<span class=\"ez-toc-section-end\"><\/span><\/h2>\n\n\n\n<p>La <strong>instalaci\u00f3n de la fibra \u00f3ptica puede llevarse a cabo o bien por una compa\u00f1\u00eda de telefon\u00eda o por un vecino<\/strong> que solicite la instalaci\u00f3n.<\/p>\n\n\n\n<p>Las <a href=\"https:\/\/www.lowi.es\/glosario\/que-es-operador-movil\/\"><strong>operadoras m\u00f3viles<\/strong><\/a><strong> est\u00e1n invirtiendo y mejorando su red de fibra \u00f3ptica <\/strong>por todo el territorio. Esto implica que cada vez m\u00e1s zonas y, por tanto, m\u00e1s edificios tengan cobertura de fibra \u00f3ptica de una o m\u00e1s compa\u00f1\u00edas.<\/p>\n\n\n\n<p>Por otro lado, puede ser <strong>un vecino el que solicite la instalaci\u00f3n de fibra \u00f3ptica a una compa\u00f1\u00eda en concreto<\/strong>. En este punto pueden <strong>ocurrir dos cosas<\/strong>, que <strong>la compa\u00f1\u00eda en cuesti\u00f3n ya tenga red de fibra en ese edificio <\/strong>o que<strong> no la tenga y utilice la infraestructura de otra compa\u00f1\u00eda<\/strong>, lo que se conoce como <a href=\"https:\/\/www.lowi.es\/blog\/fibra-indirecta-o-fibra-neba-que-es-y-en-diferencias-con-la-fibra-directa\/\">fibra indirecta<\/a>.<\/p>\n\n\n\n<h2 class=\"wp-block-heading\"><span class=\"ez-toc-section\" id=\"%C2%BFQue_ocurre_si_un_vecino_de_mi_comunidad_se_niega_a_instalar_fibra_optica\"><\/span>\u00bfQu\u00e9 ocurre si un vecino de mi comunidad se niega a instalar fibra \u00f3ptica?<span class=\"ez-toc-section-end\"><\/span><\/h2>\n\n\n\n<p>A todos nos ha pasado alguna vez tener un vecino que va contra la corriente. Si en este caso, <strong>un vecino de tu edificio se niega a instalar la fibra \u00f3ptica<\/strong>, aunque puede retrasar la instalaci\u00f3n,<strong> no puede bloquear al resto de domicilios<\/strong>.<\/p>\n\n\n\n<p>La<strong> fachada del edificio es com\u00fan<\/strong> y por mucho que la instalaci\u00f3n pase por su zona, <strong>solo podr\u00e1 detener la instalaci\u00f3n<\/strong> si alega y <strong>demuestra que la fachada posee un valor art\u00edstico e hist\u00f3rico.<\/strong><\/p>\n\n\n\n<p>Seg\u00fan la ley, <strong>la instalaci\u00f3n de fibra \u00f3ptica es una mejora de inter\u00e9s general para la comunidad<\/strong>. \u00bfQu\u00e9 quiere decir esto? Que<strong> no se necesita que todos los vecinos est\u00e9n de acuerdo<\/strong> para su instalaci\u00f3n.<\/p>\n\n\n\n<p><strong>La instalaci\u00f3n se har\u00e1 en las zonas comunes del edificio <\/strong>y cuando un vecino contrate la fibra \u00f3ptica solo se tendr\u00e1 que hacer la conexi\u00f3n desde la zona com\u00fan al interior de la vivienda.<\/p>\n\n\n\n<p>Por tanto, la negativa de un vecino no deber\u00eda afectar al resto. Pero con comunicaci\u00f3n y buen entendimiento, es posible llegar a un acuerdo que beneficie a ambas partes.&nbsp;<\/p>\n\n\n\n<p>Como ya has visto,<strong> no es obligatorio cambiar a fibra \u00f3ptica, pero s\u00ed que es la mejor forma de llevar tu experiencia en Internet al siguiente nivel<\/strong>.&nbsp;<\/p>\n\n\n\n<p>En <strong>Lowi<\/strong> tenemos multitud de opciones diferentes,<strong> desde <\/strong><a href=\"https:\/\/www.lowi.es\/solo-fibra\/\"><strong>solo fibra<\/strong><\/a><strong> hasta tarifas de<\/strong><a href=\"https:\/\/www.lowi.es\/fibra-movil-y-tv\/netflix\/\" data-type=\"link\" data-id=\"https:\/\/www.lowi.es\/fibra-movil-y-tv\/netflix\/\"><strong> fibra, m\u00f3vil y Netflix<\/strong><\/a><strong>.<\/strong> Para que, sean cuales sean tus necesidades, <strong>encuentres la que mejor se adapte a tu hogar.<\/strong><\/p>\n\n\n\n<p class=\"has-text-align-center\"><a class=\"fasc-button fasc-size-medium fasc-type-flat fasc-rounded-medium fasc-ico-before dashicons-arrow-right-alt fasc-style-bold\" style=\"background-color: #df3343; color: #ffffff;\" href=\"https:\/\/www.lowi.es\/solo-fibra\/600mb\/\">La tarifa de fibra m\u00e1s barata<\/a><\/p>\n\n\n\n<h2 class=\"wp-block-heading\"><span class=\"ez-toc-section\" id=\"Preguntas_frecuentes_sobre_la_obligacion_a_cambiar_a_fibra_optica\"><\/span>Preguntas frecuentes sobre la obligaci\u00f3n a cambiar a fibra \u00f3ptica<span class=\"ez-toc-section-end\"><\/span><\/h2>\n\n\n<div class=\"wp-block-uagb-faq uagb-faq__outer-wrap uagb-block-ce9ece43 uagb-faq-icon-row uagb-faq-layout-accordion uagb-faq-expand-first-true uagb-faq-inactive-other-true uagb-faq__wrap uagb-buttons-layout-wrap uagb-faq-equal-height     \" data-faqtoggle=\"true\" role=\"tablist\"><script type=\"application\/ld+json\">{\"@context\":\"https:\\\/\\\/schema.org\",\"@type\":\"FAQPage\",\"@id\":\"https:\\\/\\\/www.lowi.es\\\/blog\\\/es-obligatorio-cambiar-a-fibra-optica\\\/\",\"mainEntity\":[{\"@type\":\"Question\",\"name\":\"\\u00bfQu\\u00e9 hacer si en mi zona no hay fibra \\u00f3ptica disponible?\",\"acceptedAnswer\":{\"@type\":\"Answer\",\"text\":\"Es posible que, <strong>si resides en una zona rural o una zona residencial muy nueva<\\\/strong>, a\\u00fan no haya instalaci\\u00f3n de fibra \\u00f3ptica. Para las <strong>zonas rurales o alejadas se sigue utilizando el ADSL<\\\/strong>, en el caso de las viviendas de nueva construcci\\u00f3n, te recomendamos preguntar a tu operadora y, mientras la instalaci\\u00f3n llega, valorar otras opciones como un <a href=\\\"https:\\\/\\\/www.lowi.es\\\/blog\\\/wifi-portatil\\\/\\\">WiFi port\\u00e1til<\\\/a>.<br>Puedes consultar la <a href=\\\"https:\\\/\\\/www.lowi.es\\\/cobertura-fibra\\\/\\\">cobertura de fibra \\u00f3ptica<\\\/a> de Lowi y ver si est\\u00e1 disponible en tu zona.<br>\"}},{\"@type\":\"Question\",\"name\":\"Una vez iniciado el proceso, \\u00bfcu\\u00e1nto tiempo tarda la instalaci\\u00f3n de fibra \\u00f3ptica?\",\"acceptedAnswer\":{\"@type\":\"Answer\",\"text\":\"Una vez hayas contratado la instalaci\\u00f3n de fibra \\u00f3ptica en tu domicilio, si la operadora cuenta con la infraestructura necesaria, podr\\u00e1s estar disfrutando en 2 o 3 d\\u00edas de la fibra \\u00f3ptica en tu hogar.\\u00a0\"}}]}<\/script><div class=\"wp-block-uagb-faq-child uagb-faq-child__outer-wrap uagb-faq-item uagb-block-aec0df67 \" role=\"tab\" tabindex=\"0\"><div class=\"uagb-faq-questions-button uagb-faq-questions\">\t\t\t<span class=\"uagb-icon uagb-faq-icon-wrap\">\n\t\t\t\t\t\t\t\t<svg xmlns=\"https:\/\/www.w3.org\/2000\/svg\" viewBox= \"0 0 448 512\"><path d=\"M432 256c0 17.69-14.33 32.01-32 32.01H256v144c0 17.69-14.33 31.99-32 31.99s-32-14.3-32-31.99v-144H48c-17.67 0-32-14.32-32-32.01s14.33-31.99 32-31.99H192v-144c0-17.69 14.33-32.01 32-32.01s32 14.32 32 32.01v144h144C417.7 224 432 238.3 432 256z\"><\/path><\/svg>\n\t\t\t\t\t\t\t<\/span>\n\t\t\t\t\t\t<span class=\"uagb-icon-active uagb-faq-icon-wrap\">\n\t\t\t\t\t\t\t\t<svg xmlns=\"https:\/\/www.w3.org\/2000\/svg\" viewBox= \"0 0 448 512\"><path d=\"M400 288h-352c-17.69 0-32-14.32-32-32.01s14.31-31.99 32-31.99h352c17.69 0 32 14.3 32 31.99S417.7 288 400 288z\"><\/path><\/svg>\n\t\t\t\t\t\t\t<\/span>\n\t\t\t<h3 class=\"uagb-question\"><span class=\"ez-toc-section\" id=\"%C2%BFQue_hacer_si_en_mi_zona_no_hay_fibra_optica_disponible\"><\/span>\u00bfQu\u00e9 hacer si en mi zona no hay fibra \u00f3ptica disponible?<span class=\"ez-toc-section-end\"><\/span><\/h3><\/div><div class=\"uagb-faq-content\"><p>Es posible que, <strong>si resides en una zona rural o una zona residencial muy nueva<\/strong>, a\u00fan no haya instalaci\u00f3n de fibra \u00f3ptica. Para las <strong>zonas rurales o alejadas se sigue utilizando el ADSL<\/strong>, en el caso de las viviendas de nueva construcci\u00f3n, te recomendamos preguntar a tu operadora y, mientras la instalaci\u00f3n llega, valorar otras opciones como un <a href=\"https:\/\/www.lowi.es\/blog\/wifi-portatil\/\">WiFi port\u00e1til<\/a>.<br>Puedes consultar la <a href=\"https:\/\/www.lowi.es\/cobertura-fibra\/\">cobertura de fibra \u00f3ptica<\/a> de Lowi y ver si est\u00e1 disponible en tu zona.<br><\/p><\/div><\/div><div class=\"wp-block-uagb-faq-child uagb-faq-child__outer-wrap uagb-faq-item uagb-block-290830ea \" role=\"tab\" tabindex=\"0\"><div class=\"uagb-faq-questions-button uagb-faq-questions\">\t\t\t<span class=\"uagb-icon uagb-faq-icon-wrap\">\n\t\t\t\t\t\t\t\t<svg xmlns=\"https:\/\/www.w3.org\/2000\/svg\" viewBox= \"0 0 448 512\"><path d=\"M432 256c0 17.69-14.33 32.01-32 32.01H256v144c0 17.69-14.33 31.99-32 31.99s-32-14.3-32-31.99v-144H48c-17.67 0-32-14.32-32-32.01s14.33-31.99 32-31.99H192v-144c0-17.69 14.33-32.01 32-32.01s32 14.32 32 32.01v144h144C417.7 224 432 238.3 432 256z\"><\/path><\/svg>\n\t\t\t\t\t\t\t<\/span>\n\t\t\t\t\t\t<span class=\"uagb-icon-active uagb-faq-icon-wrap\">\n\t\t\t\t\t\t\t\t<svg xmlns=\"https:\/\/www.w3.org\/2000\/svg\" viewBox= \"0 0 448 512\"><path d=\"M400 288h-352c-17.69 0-32-14.32-32-32.01s14.31-31.99 32-31.99h352c17.69 0 32 14.3 32 31.99S417.7 288 400 288z\"><\/path><\/svg>\n\t\t\t\t\t\t\t<\/span>\n\t\t\t<h3 class=\"uagb-question\"><span class=\"ez-toc-section\" id=\"Una_vez_iniciado_el_proceso_%C2%BFcuanto_tiempo_tarda_la_instalacion_de_fibra_optica\"><\/span>Una vez iniciado el proceso, \u00bfcu\u00e1nto tiempo tarda la instalaci\u00f3n de fibra \u00f3ptica?<span class=\"ez-toc-section-end\"><\/span><\/h3><\/div><div class=\"uagb-faq-content\"><p>Una vez hayas contratado la instalaci\u00f3n de fibra \u00f3ptica en tu domicilio, si la operadora cuenta con la infraestructura necesaria, podr\u00e1s estar disfrutando en 2 o 3 d\u00edas de la fibra \u00f3ptica en tu hogar.\u00a0<\/p><\/div><\/div><\/div>","protected":false},"excerpt":{"rendered":"<p>Si a\u00fan tienes ADSL en tu hogar y te est\u00e1s preguntando si es obligatorio cambiar a fibra \u00f3ptica, te contamos todos los detalles aqu\u00ed. \u00a1Desc\u00fabrelo!<\/p>\n","protected":false},"author":5,"featured_media":18203,"comment_status":"open","ping_status":"closed","sticky":false,"template":"","format":"standard","meta":{"_uag_custom_page_level_css":"","footnotes":""},"categories":[6],"tags":[220],"class_list":["post-16684","post","type-post","status-publish","format-standard","has-post-thumbnail","hentry","category-tecnologia","tag-fibra-e-internet"],"jetpack_featured_media_url":"https:\/\/www.lowi.es\/blog\/wp-content\/uploads\/2024\/12\/Es-obligatorio-cambiar-a-fibra-optica.jpg","uagb_featured_image_src":{"full":["https:\/\/www.lowi.es\/blog\/wp-content\/uploads\/2024\/12\/Es-obligatorio-cambiar-a-fibra-optica.jpg",700,394,false],"thumbnail":["https:\/\/www.lowi.es\/blog\/wp-content\/uploads\/2024\/12\/Es-obligatorio-cambiar-a-fibra-optica-150x150.jpg",150,150,true],"medium":["https:\/\/www.lowi.es\/blog\/wp-content\/uploads\/2024\/12\/Es-obligatorio-cambiar-a-fibra-optica-300x169.jpg",300,169,true],"medium_large":["https:\/\/www.lowi.es\/blog\/wp-content\/uploads\/2024\/12\/Es-obligatorio-cambiar-a-fibra-optica.jpg",700,394,false],"large":["https:\/\/www.lowi.es\/blog\/wp-content\/uploads\/2024\/12\/Es-obligatorio-cambiar-a-fibra-optica.jpg",700,394,false],"1536x1536":["https:\/\/www.lowi.es\/blog\/wp-content\/uploads\/2024\/12\/Es-obligatorio-cambiar-a-fibra-optica.jpg",700,394,false],"2048x2048":["https:\/\/www.lowi.es\/blog\/wp-content\/uploads\/2024\/12\/Es-obligatorio-cambiar-a-fibra-optica.jpg",700,394,false],"authorship-box-avatar":["https:\/\/www.lowi.es\/blog\/wp-content\/uploads\/2024\/12\/Es-obligatorio-cambiar-a-fibra-optica-150x150.jpg",150,150,true],"authorship-box-related":["https:\/\/www.lowi.es\/blog\/wp-content\/uploads\/2024\/12\/Es-obligatorio-cambiar-a-fibra-optica-70x70.jpg",70,70,true],"small":["https:\/\/www.lowi.es\/blog\/wp-content\/uploads\/2024\/12\/Es-obligatorio-cambiar-a-fibra-optica-300x169.jpg",300,169,true],"yarpp-thumbnail":["https:\/\/www.lowi.es\/blog\/wp-content\/uploads\/2024\/12\/Es-obligatorio-cambiar-a-fibra-optica-120x120.jpg",120,120,true]},"uagb_author_info":{"display_name":"Lowi","author_link":"https:\/\/www.lowi.es\/blog\/autor\/blog-lowi\/"},"uagb_comment_info":0,"uagb_excerpt":"Si a\u00fan tienes ADSL en tu hogar y te est\u00e1s preguntando si es obligatorio cambiar a fibra \u00f3ptica, te contamos todos los detalles aqu\u00ed. \u00a1Desc\u00fabrelo!","jetpack_sharing_enabled":true,"_links":{"self":[{"href":"https:\/\/www.lowi.es\/blog\/wp-json\/wp\/v2\/posts\/16684","targetHints":{"allow":["GET"]}}],"collection":[{"href":"https:\/\/www.lowi.es\/blog\/wp-json\/wp\/v2\/posts"}],"about":[{"href":"https:\/\/www.lowi.es\/blog\/wp-json\/wp\/v2\/types\/post"}],"author":[{"embeddable":true,"href":"https:\/\/www.lowi.es\/blog\/wp-json\/wp\/v2\/users\/5"}],"replies":[{"embeddable":true,"href":"https:\/\/www.lowi.es\/blog\/wp-json\/wp\/v2\/comments?post=16684"}],"version-history":[{"count":4,"href":"https:\/\/www.lowi.es\/blog\/wp-json\/wp\/v2\/posts\/16684\/revisions"}],"predecessor-version":[{"id":18204,"href":"https:\/\/www.lowi.es\/blog\/wp-json\/wp\/v2\/posts\/16684\/revisions\/18204"}],"wp:featuredmedia":[{"embeddable":true,"href":"https:\/\/www.lowi.es\/blog\/wp-json\/wp\/v2\/media\/18203"}],"wp:attachment":[{"href":"https:\/\/www.lowi.es\/blog\/wp-json\/wp\/v2\/media?parent=16684"}],"wp:term":[{"taxonomy":"category","embeddable":true,"href":"https:\/\/www.lowi.es\/blog\/wp-json\/wp\/v2\/categories?post=16684"},{"taxonomy":"post_tag","embeddable":true,"href":"https:\/\/www.lowi.es\/blog\/wp-json\/wp\/v2\/tags?post=16684"}],"curies":[{"name":"wp","href":"https:\/\/api.w.org\/{rel}","templated":true}]}}