{"id":15267,"date":"2024-05-14T08:00:47","date_gmt":"2024-05-14T06:00:47","guid":{"rendered":"https:\/\/www.lowi.es\/blog\/?p=15267"},"modified":"2024-05-13T21:39:18","modified_gmt":"2024-05-13T19:39:18","slug":"nuevos-ipad-pro-y-ipad-air-2024","status":"publish","type":"post","link":"https:\/\/www.lowi.es\/blog\/nuevos-ipad-pro-y-ipad-air-2024\/","title":{"rendered":"Nuevos iPad Pro y Air 2024: todo lo que tienes que saber"},"content":{"rendered":"<p><span style=\"font-weight: 400;\">Desde que en 2022 Apple lanz\u00f3 la \u00faltima versi\u00f3n de sus modelos de iPad, el iPad Pro y el iPad Air, la compa\u00f1\u00eda no ha sacado nuevas versiones de ellos.<\/span><\/p>\n<p><span style=\"font-weight: 400;\">Pero por fin podemos contarte que <\/span><b>ya han llegado los nuevos modelos<\/b><span style=\"font-weight: 400;\">, descubre cu\u00e1nto cuestan y cu\u00e1ndo podr\u00e1s hacerte con ellos.<\/span><\/p>\n<div id=\"ez-toc-container\" class=\"ez-toc-v2_0_79_2 ez-toc-wrap-left counter-hierarchy ez-toc-counter ez-toc-custom ez-toc-container-direction\">\n<div class=\"ez-toc-title-container\">\n<p class=\"ez-toc-title\" style=\"cursor:inherit\">\u00cdndice de Contenidos<\/p>\n<span class=\"ez-toc-title-toggle\"><a href=\"#\" class=\"ez-toc-pull-right ez-toc-btn ez-toc-btn-xs ez-toc-btn-default ez-toc-toggle\" aria-label=\"Alternar tabla de contenidos\"><span class=\"ez-toc-js-icon-con\"><span class=\"\"><span class=\"eztoc-hide\" style=\"display:none;\">Toggle<\/span><span class=\"ez-toc-icon-toggle-span\"><svg style=\"fill: #696969;color:#696969\" xmlns=\"http:\/\/www.w3.org\/2000\/svg\" class=\"list-377408\" width=\"20px\" height=\"20px\" viewBox=\"0 0 24 24\" fill=\"none\"><path d=\"M6 6H4v2h2V6zm14 0H8v2h12V6zM4 11h2v2H4v-2zm16 0H8v2h12v-2zM4 16h2v2H4v-2zm16 0H8v2h12v-2z\" fill=\"currentColor\"><\/path><\/svg><svg style=\"fill: #696969;color:#696969\" class=\"arrow-unsorted-368013\" xmlns=\"http:\/\/www.w3.org\/2000\/svg\" width=\"10px\" height=\"10px\" viewBox=\"0 0 24 24\" version=\"1.2\" baseProfile=\"tiny\"><path d=\"M18.2 9.3l-6.2-6.3-6.2 6.3c-.2.2-.3.4-.3.7s.1.5.3.7c.2.2.4.3.7.3h11c.3 0 .5-.1.7-.3.2-.2.3-.5.3-.7s-.1-.5-.3-.7zM5.8 14.7l6.2 6.3 6.2-6.3c.2-.2.3-.5.3-.7s-.1-.5-.3-.7c-.2-.2-.4-.3-.7-.3h-11c-.3 0-.5.1-.7.3-.2.2-.3.5-.3.7s.1.5.3.7z\"\/><\/svg><\/span><\/span><\/span><\/a><\/span><\/div>\n<nav><ul class='ez-toc-list ez-toc-list-level-1 ' ><li class='ez-toc-page-1 ez-toc-heading-level-2'><a class=\"ez-toc-link ez-toc-heading-1\" href=\"https:\/\/www.lowi.es\/blog\/nuevos-ipad-pro-y-ipad-air-2024\/#%C2%BFCuando_se_podran_comprar_los_nuevos_iPad_Pro_y_Air\" >\u00bfCu\u00e1ndo se podr\u00e1n comprar los nuevos iPad Pro y Air?<\/a><\/li><li class='ez-toc-page-1 ez-toc-heading-level-2'><a class=\"ez-toc-link ez-toc-heading-2\" href=\"https:\/\/www.lowi.es\/blog\/nuevos-ipad-pro-y-ipad-air-2024\/#%C2%BFQue_principales_novedades_traen_estos_iPad\" >\u00bfQu\u00e9 principales novedades traen estos iPad?<\/a><\/li><li class='ez-toc-page-1 ez-toc-heading-level-2'><a class=\"ez-toc-link ez-toc-heading-3\" href=\"https:\/\/www.lowi.es\/blog\/nuevos-ipad-pro-y-ipad-air-2024\/#iPad_Pro_2024_la_tablet_mas_potente_de_Apple\" >iPad Pro 2024: la tablet m\u00e1s potente de Apple<\/a><ul class='ez-toc-list-level-3' ><li class='ez-toc-heading-level-3'><a class=\"ez-toc-link ez-toc-heading-4\" href=\"https:\/\/www.lowi.es\/blog\/nuevos-ipad-pro-y-ipad-air-2024\/#Diseno_y_pantalla_OLED\" >Dise\u00f1o y pantalla OLED<\/a><\/li><li class='ez-toc-page-1 ez-toc-heading-level-3'><a class=\"ez-toc-link ez-toc-heading-5\" href=\"https:\/\/www.lowi.es\/blog\/nuevos-ipad-pro-y-ipad-air-2024\/#Tamanos_y_modelos_del_iPad_Pro_2024\" >Tama\u00f1os y modelos del iPad Pro 2024<\/a><\/li><li class='ez-toc-page-1 ez-toc-heading-level-3'><a class=\"ez-toc-link ez-toc-heading-6\" href=\"https:\/\/www.lowi.es\/blog\/nuevos-ipad-pro-y-ipad-air-2024\/#Rendimiento_y_procesador\" >Rendimiento y procesador<\/a><\/li><li class='ez-toc-page-1 ez-toc-heading-level-3'><a class=\"ez-toc-link ez-toc-heading-7\" href=\"https:\/\/www.lowi.es\/blog\/nuevos-ipad-pro-y-ipad-air-2024\/#Camara\" >C\u00e1mara<\/a><\/li><li class='ez-toc-page-1 ez-toc-heading-level-3'><a class=\"ez-toc-link ez-toc-heading-8\" href=\"https:\/\/www.lowi.es\/blog\/nuevos-ipad-pro-y-ipad-air-2024\/#Accesorios_y_compatibilidad\" >Accesorios y compatibilidad<\/a><ul class='ez-toc-list-level-4' ><li class='ez-toc-heading-level-4'><a class=\"ez-toc-link ez-toc-heading-9\" href=\"https:\/\/www.lowi.es\/blog\/nuevos-ipad-pro-y-ipad-air-2024\/#Apple_Pencil_Pro\" >Apple Pencil Pro<\/a><\/li><li class='ez-toc-page-1 ez-toc-heading-level-4'><a class=\"ez-toc-link ez-toc-heading-10\" href=\"https:\/\/www.lowi.es\/blog\/nuevos-ipad-pro-y-ipad-air-2024\/#Magic_Keyboard_de_2a_generacion\" >Magic Keyboard de 2\u00aa generaci\u00f3n<\/a><\/li><\/ul><\/li><li class='ez-toc-page-1 ez-toc-heading-level-3'><a class=\"ez-toc-link ez-toc-heading-11\" href=\"https:\/\/www.lowi.es\/blog\/nuevos-ipad-pro-y-ipad-air-2024\/#%C2%BFCuanto_cuesta_el_nuevo_iPad_Pro\" >\u00bfCu\u00e1nto cuesta el nuevo iPad Pro?<\/a><\/li><\/ul><\/li><li class='ez-toc-page-1 ez-toc-heading-level-2'><a class=\"ez-toc-link ez-toc-heading-12\" href=\"https:\/\/www.lowi.es\/blog\/nuevos-ipad-pro-y-ipad-air-2024\/#iPad_Air_6o_generacion_la_tablet_mas_versatil\" >iPad Air 6\u00ba generaci\u00f3n: la tablet m\u00e1s vers\u00e1til<\/a><ul class='ez-toc-list-level-3' ><li class='ez-toc-heading-level-3'><a class=\"ez-toc-link ez-toc-heading-13\" href=\"https:\/\/www.lowi.es\/blog\/nuevos-ipad-pro-y-ipad-air-2024\/#Dos_tamanos_de_iPad_Air\" >Dos tama\u00f1os de iPad Air<\/a><\/li><li class='ez-toc-page-1 ez-toc-heading-level-3'><a class=\"ez-toc-link ez-toc-heading-14\" href=\"https:\/\/www.lowi.es\/blog\/nuevos-ipad-pro-y-ipad-air-2024\/#Procesador_y_microchip\" >Procesador y microchip<\/a><\/li><li class='ez-toc-page-1 ez-toc-heading-level-3'><a class=\"ez-toc-link ez-toc-heading-15\" href=\"https:\/\/www.lowi.es\/blog\/nuevos-ipad-pro-y-ipad-air-2024\/#Camaras\" >C\u00e1maras<\/a><\/li><li class='ez-toc-page-1 ez-toc-heading-level-3'><a class=\"ez-toc-link ez-toc-heading-16\" href=\"https:\/\/www.lowi.es\/blog\/nuevos-ipad-pro-y-ipad-air-2024\/#Accesorios_y_compatibilidad-2\" >Accesorios y compatibilidad<\/a><\/li><li class='ez-toc-page-1 ez-toc-heading-level-3'><a class=\"ez-toc-link ez-toc-heading-17\" href=\"https:\/\/www.lowi.es\/blog\/nuevos-ipad-pro-y-ipad-air-2024\/#Precio_del_nuevo_iPad_Air_2024\" >Precio del nuevo iPad Air 2024<\/a><\/li><\/ul><\/li><li class='ez-toc-page-1 ez-toc-heading-level-2'><a class=\"ez-toc-link ez-toc-heading-18\" href=\"https:\/\/www.lowi.es\/blog\/nuevos-ipad-pro-y-ipad-air-2024\/#iPad_Pro_2024_vs_iPad_Air_de_6a_generacion\" >iPad Pro 2024 vs. iPad Air de 6\u00aa generaci\u00f3n.<\/a><\/li><\/ul><\/nav><\/div>\n<h2><span class=\"ez-toc-section\" id=\"%C2%BFCuando_se_podran_comprar_los_nuevos_iPad_Pro_y_Air\"><\/span><b>\u00bfCu\u00e1ndo se podr\u00e1n comprar los nuevos iPad Pro y Air?<\/b><span class=\"ez-toc-section-end\"><\/span><\/h2>\n<p><b>\u00a1Ya est\u00e1n disponibles!<\/b><span style=\"font-weight: 400;\"> El pasado 7 de mayo, Apple presentaba sus nuevos iPad y, aunque ya est\u00e1 disponible para reservar online, <\/span><b>desde el 15 mayo podr\u00e1s hacerte con ellos en cualquier tienda.<\/b><\/p>\n<h2><span class=\"ez-toc-section\" id=\"%C2%BFQue_principales_novedades_traen_estos_iPad\"><\/span><b>\u00bfQu\u00e9 principales novedades traen estos iPad?<\/b><span class=\"ez-toc-section-end\"><\/span><\/h2>\n<p><span style=\"font-weight: 400;\">Como dec\u00edamos, llevamos dos a\u00f1os esperando a que Apple actualice el iPad Pro y Air. Por ello, las expectativas de los usuarios de la marca son muy altas.<\/span><\/p>\n<p><span style=\"font-weight: 400;\">A continuaci\u00f3n, vamos a contarte todos los detalles, pero estas son algunas de sus novedades m\u00e1s relevantes:<\/span><\/p>\n<ul>\n<li style=\"font-weight: 400;\" aria-level=\"1\"><b>Pantalla OLED.<\/b><span style=\"font-weight: 400;\"> El modelo Pro incorpora un panel OLED, al que Apple llama Ultra Retina XDR, con el que la calidad de la imagen ser\u00e1 muy superior con colores m\u00e1s vibrantes y negros m\u00e1s profundos.<\/span><\/li>\n<li style=\"font-weight: 400;\" aria-level=\"1\"><b>Chip M4. <\/b><span style=\"font-weight: 400;\">El modelo Pro incorpora el chip M4, el m\u00e1s r\u00e1pido y potente de la marca hasta la fecha, mientras que el iPad Air incluir\u00e1 el chip M2, sustituyendo al M1 de su versi\u00f3n anterior.<\/span><\/li>\n<li style=\"font-weight: 400;\" aria-level=\"1\"><span style=\"font-weight: 400;\">Un <\/span><b>dise\u00f1o m\u00e1s elegante y fino para el iPad Air<\/b><span style=\"font-weight: 400;\">, y un iPad Pro m\u00e1s fino todav\u00eda (5,1 mil\u00edmetros para su versi\u00f3n de 11 pulgadas)<\/span><\/li>\n<li style=\"font-weight: 400;\" aria-level=\"1\"><b>C\u00e1mara interna en horizontal.<\/b><span style=\"font-weight: 400;\"> Hasta ahora ambos modelos ten\u00edan una c\u00e1mara interna en disposici\u00f3n vertical, con los nuevos modelos la c\u00e1mara interna se coloca en el eje horizontal del dispositivo.<\/span><\/li>\n<li style=\"font-weight: 400;\" aria-level=\"1\"><b>Mejora del modo \u201cCenter Stage\u201d.<\/b><span style=\"font-weight: 400;\"> El modelo anterior del iPad Pro incorporaba funciones de encuadre autom\u00e1tico para que, durante tus videollamadas, siempre permanecieras en el centro. Esta opci\u00f3n se extiende al modelo iPad Air 2024 con mejoras en su rendimiento.<\/span><\/li>\n<li style=\"font-weight: 400;\" aria-level=\"1\"><b>Almacenamiento inicial.<\/b><span style=\"font-weight: 400;\"> Por primera vez, y como han pedido la gran mayor\u00eda de usuarios, los iPad Air comienzan desde los 128GB de almacenamiento en vez de los 64GB que se ofrec\u00edan hasta ahora.<\/span><\/li>\n<li style=\"font-weight: 400;\" aria-level=\"1\"><b>Apple Pencil Pro. <\/b><span style=\"font-weight: 400;\">Un nuevo<\/span> <span style=\"font-weight: 400;\">Apple Pencil mucho m\u00e1s inteligente gracias a que incorpora un sensor que detecta todos los movimientos de tu mano. Se convierte as\u00ed en la herramienta perfecta para completar los nuevos iPad Pro y iPad Air 2024 (s\u00ed, es compatible con ambos). Te contamos todos sus detalles m\u00e1s abajo.<\/span><\/li>\n<\/ul>\n<h2><span class=\"ez-toc-section\" id=\"iPad_Pro_2024_la_tablet_mas_potente_de_Apple\"><\/span><b>iPad Pro 2024: la tablet m\u00e1s potente de Apple<\/b><span class=\"ez-toc-section-end\"><\/span><\/h2>\n<p><span style=\"font-weight: 400;\">El <\/span><b>iPad Pro es la herramienta perfecta para profesionales creativos<\/b><span style=\"font-weight: 400;\"> y usuarios exigentes. Gracias a su flexibilidad y funciones de alto nivel se adapta a cualquier uso y trabajo.<\/span><\/p>\n<p><span style=\"font-weight: 400;\">Vamos a hacer un an\u00e1lisis completo de las novedades que ofrece el nuevo iPad Pro 2024.<\/span><\/p>\n<p><img loading=\"lazy\" decoding=\"async\" class=\"wp-image-15269 aligncenter\" title=\"Nuevo iPad Pro 2024: imagen de frente y lateral.\" src=\"https:\/\/www.lowi.es\/blog\/wp-content\/uploads\/2024\/05\/ipad-pro-20241-1000x525.jpg\" alt=\"Nuevo iPad Pro 2024: imagen de frente y lateral.\" width=\"750\" height=\"394\" srcset=\"https:\/\/www.lowi.es\/blog\/wp-content\/uploads\/2024\/05\/ipad-pro-20241-1000x525.jpg 1000w, https:\/\/www.lowi.es\/blog\/wp-content\/uploads\/2024\/05\/ipad-pro-20241-300x158.jpg 300w, https:\/\/www.lowi.es\/blog\/wp-content\/uploads\/2024\/05\/ipad-pro-20241-768x403.jpg 768w, https:\/\/www.lowi.es\/blog\/wp-content\/uploads\/2024\/05\/ipad-pro-20241.jpg 1200w\" sizes=\"auto, (max-width: 750px) 100vw, 750px\" \/><\/p>\n<h3><span class=\"ez-toc-section\" id=\"Diseno_y_pantalla_OLED\"><\/span><b>Dise\u00f1o y pantalla OLED<\/b><span class=\"ez-toc-section-end\"><\/span><\/h3>\n<p><span style=\"font-weight: 400;\">Las grandes novedades comienzan en la pantalla. Integra una <\/span><b>pantalla Ultra Retina XDR<\/b><span style=\"font-weight: 400;\"> con una precisi\u00f3n de imagen incre\u00edble, incluso con contenido en movimiento.<\/span><\/p>\n<p><span style=\"font-weight: 400;\">Adem\u00e1s, por primera vez, el iPad Pro tiene una pantalla OLED. El \u00faltimo iPad Pro inclu\u00eda <\/span><b>un panel IPS en su modelo de 11\u201d y un panel mini-LED en la versi\u00f3n de 12,9\u201d<\/b><span style=\"font-weight: 400;\"> con un muy buen resultado.<\/span><\/p>\n<p><span style=\"font-weight: 400;\">En este nuevo iPad Pro 2024, <\/span><b>a trav\u00e9s de la tecnolog\u00eda T\u00e1ndem <\/b><a href=\"https:\/\/www.lowi.es\/glosario\/que-es-OLED\/\"><b>OLED<\/b><\/a><b>, Apple incorpora dos paneles OLED<\/b><span style=\"font-weight: 400;\"> con el que es capaz de <\/span><b>ofrecer un brillo pico de hasta 1600 nits<\/b><span style=\"font-weight: 400;\"> (1000 nits en un uso habitual).<\/span><\/p>\n<p><span style=\"font-weight: 400;\">Este panel OLED ofrecer\u00e1 unos negros m\u00e1s puros y unos mejores colores a la vez de un brillo m\u00e1s potente.<\/span><\/p>\n<p><span style=\"font-weight: 400;\">Otra novedad es que por primera vez <\/span><b>podremos elegir el vidrio de la pantalla: vidrio normal o vidrio nanotexturizado<\/b><span style=\"font-weight: 400;\"> para evitar todo tipo de reflejos.<\/span><\/p>\n<p><b>Est\u00e9ticamente, mantendr\u00e1 la l\u00ednea a la que Apple nos tiene acostumbrados, bordes planos y un dise\u00f1o en aluminio<\/b><span style=\"font-weight: 400;\"> perfecto para garantizar su resistencia y durabilidad.<\/span><\/p>\n<h3><span class=\"ez-toc-section\" id=\"Tamanos_y_modelos_del_iPad_Pro_2024\"><\/span><b>Tama\u00f1os y modelos del iPad Pro 2024<\/b><span class=\"ez-toc-section-end\"><\/span><\/h3>\n<p><span style=\"font-weight: 400;\">No hay grandes variaciones en cuanto al tama\u00f1o de los nuevos iPad Pro, tenemos <\/span><b>un modelo de 11 pulgadas <\/b><span style=\"font-weight: 400;\">y <\/span><b>otro modelo de 13 pulgadas.<\/b><\/p>\n<p><span style=\"font-weight: 400;\">Se trata del <\/span><b>iPad m\u00e1s fino hasta la fecha<\/b><span style=\"font-weight: 400;\"> (m\u00e1s incluso que el iPad Air) con un <\/span><b>grosor de 5,1mm para la versi\u00f3n de 11\u201d<\/b><span style=\"font-weight: 400;\"> y de <\/span><b>5,3mm para el de 13\u201d<\/b><span style=\"font-weight: 400;\">.<\/span><\/p>\n<p><span style=\"font-weight: 400;\">Adem\u00e1s de estar <\/span><b>disponible en dos colores<\/b><span style=\"font-weight: 400;\">, plata y negro especial, tanto el iPad Pro 2024 de 11&#8243; como de 13\u201d, <\/span><b>est\u00e1n disponibles con una capacidad de 256 GB, 512 GB, 1 TB y 2 TB.<\/b><\/p>\n<h3><span class=\"ez-toc-section\" id=\"Rendimiento_y_procesador\"><\/span><b>Rendimiento y procesador<\/b><span class=\"ez-toc-section-end\"><\/span><\/h3>\n<p><span style=\"font-weight: 400;\">El iPad Pro 2024 <\/span><b>dar\u00e1 un salto de calidad<\/b><span style=\"font-weight: 400;\"> respecto a su versi\u00f3n anterior, que utilizaba el chip M2. Incorporar\u00e1 el <\/span><b>chip M4, <\/b><span style=\"font-weight: 400;\">siendo la <\/span><b>primera vez que Apple estrena un chip directamente en iPad.<\/b><\/p>\n<p><span style=\"font-weight: 400;\">Un chip completamente nuevo dise\u00f1ado para ofrecer el m\u00e1ximo rendimiento<\/span><b> 1,5 veces m\u00e1s potente en CPU y hasta 4 veces m\u00e1s r\u00e1pido en GPU <\/b><span style=\"font-weight: 400;\">que el chip M2.<\/span><\/p>\n<p><span style=\"font-weight: 400;\">Fabricado con tecnolog\u00edas de 3 nan\u00f3metros, permite un<\/span><b> consumo m\u00e1s eficiente en un espacio menor, <\/b><span style=\"font-weight: 400;\">logrando, as\u00ed, un grosor m\u00e1s fino.<\/span><\/p>\n<p><span style=\"font-weight: 400;\">Una de las novedades de este M4 es su<\/span><b> integraci\u00f3n con funciones IA.<\/b><span style=\"font-weight: 400;\"> El iPad Pro 2024 mejora en cuanto a <\/span><b>aprendizaje autom\u00e1tico mientras es capaz de hacer hasta 38 billones de acciones por segundo.<\/b><\/p>\n<table>\n<tbody>\n<tr>\n<td><b>Chip M4<\/b><\/td>\n<td><b>iPad Pro de 256 o 512 GB<\/b><\/td>\n<td><b>iPad Pro de 1 o 2TB<\/b><\/td>\n<\/tr>\n<tr>\n<td><b>CPU<\/b><\/td>\n<td><span style=\"font-weight: 400;\">9 n\u00facleos:<\/span><\/p>\n<ul>\n<li style=\"font-weight: 400;\" aria-level=\"1\"><span style=\"font-weight: 400;\">3 n\u00facleos de rendimiento<\/span><\/li>\n<li style=\"font-weight: 400;\" aria-level=\"1\"><span style=\"font-weight: 400;\">6 n\u00facleos de eficiencia<\/span><\/li>\n<\/ul>\n<\/td>\n<td><span style=\"font-weight: 400;\">10 n\u00facleos:<\/span><\/p>\n<ul>\n<li style=\"font-weight: 400;\" aria-level=\"1\"><span style=\"font-weight: 400;\">4 de rendimiento<\/span><\/li>\n<li style=\"font-weight: 400;\" aria-level=\"1\"><span style=\"font-weight: 400;\">6 de eficiencia<\/span><\/li>\n<\/ul>\n<\/td>\n<\/tr>\n<tr>\n<td><b>GPU<\/b><\/td>\n<td><span style=\"font-weight: 400;\">10 n\u00facleos<\/span><\/td>\n<td><span style=\"font-weight: 400;\">10 n\u00facleos<\/span><\/td>\n<\/tr>\n<tr>\n<td><b>Neural Engine<\/b><\/td>\n<td><span style=\"font-weight: 400;\">16 n\u00facleos<\/span><\/td>\n<td><span style=\"font-weight: 400;\">16 n\u00facleos<\/span><\/td>\n<\/tr>\n<tr>\n<td><b>Ancho de banda de memoria<\/b><\/td>\n<td><span style=\"font-weight: 400;\">120 GB\/s<\/span><\/td>\n<td><span style=\"font-weight: 400;\">120 GB\/s<\/span><\/td>\n<\/tr>\n<tr>\n<td><b>Memoria RAM<\/b><\/td>\n<td><span style=\"font-weight: 400;\">8GB<\/span><\/td>\n<td><span style=\"font-weight: 400;\">16GB<\/span><\/td>\n<\/tr>\n<\/tbody>\n<\/table>\n<p><span style=\"font-weight: 400;\">Por otro lado, el iPad Pro 2024 <\/span><b>trabaja con el sistema operativo iPadOS 17<\/b><span style=\"font-weight: 400;\">, aunque todo apunta que ser\u00e1 el primero en incorporar el futuro iPadOS 18. Pero mientras eso ocurre, puedes leer m\u00e1s <\/span><a href=\"https:\/\/www.lowi.es\/blog\/novedades-de-ipados\/\"><span style=\"font-weight: 400;\">sobre el iPadOS 17 y c\u00f3mo funciona.<\/span><\/a><\/p>\n<h3><span class=\"ez-toc-section\" id=\"Camara\"><\/span><b>C\u00e1mara<\/b><span class=\"ez-toc-section-end\"><\/span><\/h3>\n<p><span style=\"font-weight: 400;\">En este iPad Pro, Apple nos trae una c\u00e1mara mucho m\u00e1s sencilla, dejando atr\u00e1s el ultra gran angular que incorporaba la versi\u00f3n de 2022, pero con m\u00e1s potencia.<\/span><\/p>\n<p><span style=\"font-weight: 400;\">En la parte trasera encontramos una <\/span><b>c\u00e1mara gran angular de 12Mpx con una apertura de \u0192\/1,8<\/b><span style=\"font-weight: 400;\">, zoom digital hasta x5 y una lente de cinco elementos. Podr\u00e1s grabar videos ultra n\u00edtidos en ProRes 4K y sacar fotos con un grado de color y nivel de detalle de gran calidad gracias a su HDR inteligente.<\/span><\/p>\n<p><span style=\"font-weight: 400;\">La c\u00e1mara incorpora <\/span><b>mejoras en cuanto a esc\u00e1ner de texto <\/b><span style=\"font-weight: 400;\">gracias al flash True Tone adaptativo que saca varias im\u00e1genes a un \u00fanico documento y las superpone para evitar sombras y reflejos.&nbsp;<\/span><\/p>\n<p><b>En la parte frontal,<\/b> <b>la c\u00e1mara <\/b><span style=\"font-weight: 400;\">ya no se encuentra en posici\u00f3n vertical, sino que en el iPad Pro 2024 <\/span><b>est\u00e1 en posici\u00f3n horizontal<\/b><span style=\"font-weight: 400;\">. Una <\/span><b>ubicaci\u00f3n mucho m\u00e1s c\u00f3moda<\/b><span style=\"font-weight: 400;\">, sobre todo para videollamadas, que <\/span><b>junto a la funci\u00f3n <\/b><b><i>Center Stage <\/i><\/b><span style=\"font-weight: 400;\">(o Encuadre Centrado), har\u00e1 que siempre est\u00e9s en el centro de la pantalla.<\/span><\/p>\n<h3><span class=\"ez-toc-section\" id=\"Accesorios_y_compatibilidad\"><\/span><b>Accesorios y compatibilidad<\/b><span class=\"ez-toc-section-end\"><\/span><\/h3>\n<h4><span class=\"ez-toc-section\" id=\"Apple_Pencil_Pro\"><\/span><b>Apple Pencil Pro<\/b><span class=\"ez-toc-section-end\"><\/span><\/h4>\n<p><span style=\"font-weight: 400;\">Apple nos sorprend\u00eda este mayo con el anuncio de un <\/span><b>nuevo Apple Pencil Pro<\/b><span style=\"font-weight: 400;\">, un nuevo l\u00e1piz completamente dise\u00f1ado para <\/span><b>dibujar y escribir al m\u00e1ximo rendimiento<\/b><span style=\"font-weight: 400;\">.<\/span><\/p>\n<p><b>Un Apple Pencil reinventado<\/b><span style=\"font-weight: 400;\"> que incorpora unos <\/span><b>sensores que detectan si agitas, inclinas o giras el l\u00e1piz.<\/b><span style=\"font-weight: 400;\"> Es capaz de <\/span><b>detectar en tiempo real cada gesto para trasladarlo al dibujo <\/b><span style=\"font-weight: 400;\">d\u00e1ndole diferentes efectos o formas seg\u00fan el movimiento:<\/span><\/p>\n<ul>\n<li style=\"font-weight: 400;\" aria-level=\"1\"><b>Gesto de apretar.<\/b><span style=\"font-weight: 400;\"> Aprieta el Apple Pencil Pro y se desplegar\u00e1 un abanico de herramientas para cambiar de color, l\u00e1piz o grosor del dibujo.&nbsp;<\/span><\/li>\n<li style=\"font-weight: 400;\" aria-level=\"1\"><b>Rotaci\u00f3n<\/b><span style=\"font-weight: 400;\">. Gira el Apple Pencil para darle un trazo m\u00e1s preciso a tu dibujo gracias al giroscopio que incorpora.<\/span><\/li>\n<li style=\"font-weight: 400;\" aria-level=\"1\"><b>Doble toque<\/b><span style=\"font-weight: 400;\">. Cambia de herramienta con solo tocar dos veces el Apple Pencil Pro.<\/span><\/li>\n<li style=\"font-weight: 400;\" aria-level=\"1\"><b>Respuesta h\u00e1ptica. <\/b><span style=\"font-weight: 400;\">Tras cada gesto, sentir\u00e1s una peque\u00f1a vibraci\u00f3n que confirma el gesto que acabas de realizar.<\/span><\/li>\n<li style=\"font-weight: 400;\" aria-level=\"1\"><b>Puntero flotante.<\/b><span style=\"font-weight: 400;\"> Podr\u00e1s ver el lugar exacto donde vas a tocar la pantalla gracias al puntero flotante del Apple Pencil para que dibujes con la m\u00e1xima precisi\u00f3n.<\/span><\/li>\n<\/ul>\n<p><span style=\"font-weight: 400;\">Tal y como el anterior Apple Pencil, se carga y une al iPad Pro de forma magn\u00e9tica, coloc\u00e1ndolo en la parte superior.&nbsp;<\/span><\/p>\n<h4><span class=\"ez-toc-section\" id=\"Magic_Keyboard_de_2a_generacion\"><\/span><b>Magic Keyboard de 2\u00aa generaci\u00f3n<\/b><span class=\"ez-toc-section-end\"><\/span><\/h4>\n<p><span style=\"font-weight: 400;\">Apple present\u00f3, a la vez que los nuevos modelos de iPad, <\/span><b>un nuevo Magic Keyboard <\/b><span style=\"font-weight: 400;\">de 2\u00aa generaci\u00f3n en <\/span><b>dos tama\u00f1os, para el modelo de 11 y 13 pulgadas.<\/b><\/p>\n<p><span style=\"font-weight: 400;\">Se trata de un <\/span><b>Magic Keyboard m\u00e1s ligero<\/b><span style=\"font-weight: 400;\">, con un dise\u00f1o en aluminio y disponible en los mismos colores que el iPad Pro 2024, plata y negro espacial. Por lo que una vez acoplado al iPad, se convierte en una funda protectora del dispositivo.<\/span><\/p>\n<p><span style=\"font-weight: 400;\">Adem\u00e1s, Apple ha escuchado a sus clientes y ha incluido <\/span><b>una nueva fila con teclas de funci\u00f3n para poder acceder a ajustes<\/b><span style=\"font-weight: 400;\"> como el brillo, volumen u otros controles <\/span><b>de forma r\u00e1pida.<\/b><\/p>\n<p><span style=\"font-weight: 400;\">Incorpora tambi\u00e9n un <\/span><b>trackpad mucho m\u00e1s grande <\/b><span style=\"font-weight: 400;\">y que, gracias a sensores h\u00e1pticos, <\/span><b>es mucho m\u00e1s preciso<\/b><span style=\"font-weight: 400;\"> en cuanto a gestos. De esta forma trabajar\u00e1s de forma m\u00e1s sencilla y te desplazar\u00e1s por tus documentos de una forma m\u00e1s c\u00f3moda.<\/span><\/p>\n<p><span style=\"font-weight: 400;\">El <\/span><b>Magic Keyboard se conecta<\/b><span style=\"font-weight: 400;\"> al iPad <\/span><b>por medio del Smart Connector,<\/b><span style=\"font-weight: 400;\"> por lo que la transferencia de datos es r\u00e1pida y sencilla y no necesitar\u00e1s conectar el bluetooth ni ning\u00fan cable.<\/span><\/p>\n<h3><span class=\"ez-toc-section\" id=\"%C2%BFCuanto_cuesta_el_nuevo_iPad_Pro\"><\/span><b>\u00bfCu\u00e1nto cuesta el nuevo iPad Pro?<\/b><span class=\"ez-toc-section-end\"><\/span><\/h3>\n<p><span style=\"font-weight: 400;\">El iPad Pro est\u00e1 <\/span><b>disponible desde 1.199\u20ac para el modelo de 11 pulgadas<\/b><span style=\"font-weight: 400;\"> y <\/span><b>desde 1.549\u20ac para el modelo de 13 pulgadas<\/b><span style=\"font-weight: 400;\">, precio que se incrementa seg\u00fan busques un modelo con m\u00e1s especificaciones, como pantalla de vidrio nanotexturizado o m\u00e1s capacidad de almacenamiento:<\/span><\/p>\n<ul>\n<li style=\"font-weight: 400;\" aria-level=\"1\"><span style=\"font-weight: 400;\">iPad Pro 11\u201d (WiFi) desde 1.199\u20ac<\/span><\/li>\n<li style=\"font-weight: 400;\" aria-level=\"1\"><span style=\"font-weight: 400;\">iPad Pro 11\u201d (WiFi + Cellular) desde 1.449\u20ac<\/span><\/li>\n<li style=\"font-weight: 400;\" aria-level=\"1\"><span style=\"font-weight: 400;\">iPad Pro 13\u201d (WiFi) desde 1.549\u20ac<\/span><\/li>\n<li style=\"font-weight: 400;\" aria-level=\"1\"><span style=\"font-weight: 400;\">iPad Pro 13\u201d (WiFi + Cellular) desde 1.799\u20ac<\/span><\/li>\n<\/ul>\n<p><span style=\"font-weight: 400;\">Recuerda que, elijas la versi\u00f3n WiFi o WiFi + Cellular, para sacarle el m\u00e1ximo partido posible a un dispositivo tan port\u00e1til como estos iPad, necesitar\u00e1s una cobertura a la altura y la m\u00e1xima velocidad de navegaci\u00f3n.<\/span><\/p>\n<p style=\"text-align: center;\"><b><\/b><b><a class=\"fasc-button fasc-size-medium fasc-type-flat fasc-rounded-medium fasc-ico-before dashicons-arrow-right-alt fasc-style-bold\" style=\"background-color: #df3343; color: #ffffff;\" href=\"https:\/\/www.lowi.es\/ofertas-fibra-y-movil\/\">Tarifas de fibra y m\u00f3vil de Lowi<\/a><\/b><\/p>\n<h2><span class=\"ez-toc-section\" id=\"iPad_Air_6o_generacion_la_tablet_mas_versatil\"><\/span><b>iPad Air 6\u00ba generaci\u00f3n: la tablet m\u00e1s vers\u00e1til<\/b><span class=\"ez-toc-section-end\"><\/span><\/h2>\n<p><span style=\"font-weight: 400;\">Apple ha querido, tambi\u00e9n, <\/span><b>renovar su iPad \u00abpara todos los p\u00fablicos\u00bb<\/b><span style=\"font-weight: 400;\"> con muchas novedades.<\/span><\/p>\n<p><span style=\"font-weight: 400;\">Te contamos<\/span><b> todos los detalles de este nuevo iPad Air de 6\u00aa generaci\u00f3n.<\/b><\/p>\n<p><img loading=\"lazy\" decoding=\"async\" class=\"aligncenter wp-image-15270 size-full\" title=\"Nuevo iPad Air de 6\u00aa generaci\u00f3n: foto de los cuatro colores disponibles.\" src=\"https:\/\/www.lowi.es\/blog\/wp-content\/uploads\/2024\/05\/ipad-air-6-generacion.jpg\" alt=\"Nuevo iPad Air de 6\u00aa generaci\u00f3n: foto de los cuatro colores disponibles.\" width=\"750\" height=\"630\" srcset=\"https:\/\/www.lowi.es\/blog\/wp-content\/uploads\/2024\/05\/ipad-air-6-generacion.jpg 750w, https:\/\/www.lowi.es\/blog\/wp-content\/uploads\/2024\/05\/ipad-air-6-generacion-300x252.jpg 300w\" sizes=\"auto, (max-width: 750px) 100vw, 750px\" \/><\/p>\n<h3><span class=\"ez-toc-section\" id=\"Dos_tamanos_de_iPad_Air\"><\/span><b>Dos tama\u00f1os de iPad Air<\/b><span class=\"ez-toc-section-end\"><\/span><\/h3>\n<p><b>Por primera vez, Apple presenta dos tama\u00f1os del iPad Air.<\/b><span style=\"font-weight: 400;\">&nbsp;<\/span><\/p>\n<p><span style=\"font-weight: 400;\">Por un lado, <\/span><b>una versi\u00f3n de 11 pulgadas, el mismo tama\u00f1o que el modelo anterior<\/b><span style=\"font-weight: 400;\">. Por otro lado, <\/span><b>un iPad Air de 13 pulgadas, el mismo tama\u00f1o que el iPad Pro m\u00e1s grande<\/b><span style=\"font-weight: 400;\">, y con un 30% m\u00e1s de \u00e1rea de visi\u00f3n.<\/span><\/p>\n<p><span style=\"font-weight: 400;\">Ambos modelos integran una<\/span><b> pantalla Liquid Retina con tecnolog\u00eda IPS<\/b><span style=\"font-weight: 400;\"> y un brillo pico de 600 nits en el modelo de 13\u201d y 500 nits para el de 11\u201d.<\/span><\/p>\n<p><span style=\"font-weight: 400;\">Adem\u00e1s de en dos tama\u00f1os diferentes, est\u00e1 <\/span><b>disponible en cuatro colores:<\/b><span style=\"font-weight: 400;\"> azul, p\u00farpura, blanco estrella y gris espacial, y <\/span><b>diferentes opciones de almacenamiento: 128GB, 256GB, 512GB y 1TB.<\/b><\/p>\n<p><span style=\"font-weight: 400;\">S\u00ed, por fin desde Apple han decidido comenzar en los 128GB de almacenamiento y dejar atr\u00e1s los 64GB que ofrec\u00edan en los modelos de 2022.&nbsp;<\/span><\/p>\n<h3><span class=\"ez-toc-section\" id=\"Procesador_y_microchip\"><\/span><b>Procesador y microchip<\/b><span class=\"ez-toc-section-end\"><\/span><\/h3>\n<p><span style=\"font-weight: 400;\">El anterior <\/span><b>modelo, el iPad Air de 5\u00aa generaci\u00f3n,<\/b><span style=\"font-weight: 400;\"> incorporaba por primera vez un chip propio de la marca con el M1.<\/span><\/p>\n<p><span style=\"font-weight: 400;\">En el iPad Air de 6\u00aa generaci\u00f3n, Apple vuelve a <\/span><b>apostar por un chip propio incluyendo el M2 que tan buen resultado ha dado en los iPad Pro de 2022.&nbsp;<\/b><\/p>\n<p><span style=\"font-weight: 400;\">Con una <\/span><b>CPU un 15% m\u00e1s r\u00e1pida y unos gr\u00e1ficos un 25% m\u00e1s veloces<\/b><span style=\"font-weight: 400;\"> , el chip M2 tiene un rendimiento excelente para todo tipo de actividades: juegos online, dise\u00f1o gr\u00e1fico o producci\u00f3n de m\u00fasica.<\/span><\/p>\n<table>\n<tbody>\n<tr>\n<td><span style=\"font-weight: 400;\">CPU<\/span><\/td>\n<td><span style=\"font-weight: 400;\">8 n\u00facleos:<\/span><\/p>\n<ul>\n<li style=\"font-weight: 400;\" aria-level=\"1\"><span style=\"font-weight: 400;\">4 n\u00facleos de rendimiento<\/span><\/li>\n<li style=\"font-weight: 400;\" aria-level=\"1\"><span style=\"font-weight: 400;\">4 n\u00facleos de eficiencia<\/span><\/li>\n<\/ul>\n<\/td>\n<\/tr>\n<tr>\n<td><span style=\"font-weight: 400;\">GPU<\/span><\/td>\n<td><span style=\"font-weight: 400;\">10 n\u00facleos<\/span><\/td>\n<\/tr>\n<tr>\n<td><span style=\"font-weight: 400;\">Neural Engine<\/span><\/td>\n<td><span style=\"font-weight: 400;\">16 n\u00facleos. Capaz de realizar hasta 15,8 billones de operaciones por segundo e integrado con IA para impulsar el aprendizaje autom\u00e1tico del dispositivo.<\/span><\/td>\n<\/tr>\n<tr>\n<td><span style=\"font-weight: 400;\">RAM<\/span><\/td>\n<td><span style=\"font-weight: 400;\">8GB<\/span><\/td>\n<\/tr>\n<tr>\n<td><span style=\"font-weight: 400;\">Ancho de banda de memoria<\/span><\/td>\n<td><span style=\"font-weight: 400;\">100GB\/s<\/span><\/td>\n<\/tr>\n<\/tbody>\n<\/table>\n<h3><span class=\"ez-toc-section\" id=\"Camaras\"><\/span><b>C\u00e1maras<\/b><span class=\"ez-toc-section-end\"><\/span><\/h3>\n<p><span style=\"font-weight: 400;\">A nivel t\u00e9cnico, las c\u00e1maras del nuevo iPad Air no traen grandes novedades, pero s\u00ed que hay <\/span><b>una serie de detalles que destacar.<\/b><\/p>\n<p><span style=\"font-weight: 400;\">La <\/span><b>c\u00e1mara frontal, de 12Mpx y una apertura de \u0192\/2,4<\/b><span style=\"font-weight: 400;\">, pasa a estar <\/span><b>colocada de forma horizontal,<\/b><span style=\"font-weight: 400;\"> por lo que est\u00e1 en el centro cuando se realizan videollamadas.&nbsp;<\/span><\/p>\n<p><span style=\"font-weight: 400;\">Adem\u00e1s, a diferencia de la versi\u00f3n anterior, el iPad Air 2024 s\u00ed que <\/span><b>incluye el Encuadre Centrado (Center Stage).<\/b><\/p>\n<p><span style=\"font-weight: 400;\">En cuanto a la c\u00e1mara trasera, tiene un <\/span><b>objetivo de 12Mpx con una apertura de \u0192\/1,8<\/b><span style=\"font-weight: 400;\"> y una <\/span><b>grabaci\u00f3n de video en 4K<\/b><span style=\"font-weight: 400;\">.&nbsp;<\/span><\/p>\n<p><span style=\"font-weight: 400;\">La <\/span><b>calidad de imagen, junto a la pantalla de Retina L\u00edquida<\/b><span style=\"font-weight: 400;\">, convierte a este iPad Air en una <\/span><b>gran herramienta de edici\u00f3n de imagen y v\u00eddeo.<\/b><\/p>\n<h3><span class=\"ez-toc-section\" id=\"Accesorios_y_compatibilidad-2\"><\/span><b>Accesorios y compatibilidad<\/b><span class=\"ez-toc-section-end\"><\/span><\/h3>\n<p><span style=\"font-weight: 400;\">Tal y como te cont\u00e1bamos en el iPad Pro, el iPad Air 2024 es <\/span><b>compatible con el nuevo Apple Pencil Pro. <\/b><span style=\"font-weight: 400;\">Adem\u00e1s, es compatible con el <\/span><b>Magic Keyboard de 1\u00aa generaci\u00f3n.<\/b><\/p>\n<p><span style=\"font-weight: 400;\">Dos herramientas que har\u00e1n que tu iPad no sea tan solo una tablet, si no que tengas <\/span><b>todas las ventajas de un ordenador y una tablet en un dispositivo m\u00e1s peque\u00f1o y muy capaz.<\/b><\/p>\n<p><span style=\"font-weight: 400;\">Con el Apple Pencil Pro, <\/span><b>convierte tu iPad Air en una libreta infinita de creatividad, edita im\u00e1genes, crea dibujos&#8230;<\/b><span style=\"font-weight: 400;\">y ll\u00e9valo siempre contigo gracias a que se acopla y carga magn\u00e9ticamente al iPad.<\/span><\/p>\n<h3><span class=\"ez-toc-section\" id=\"Precio_del_nuevo_iPad_Air_2024\"><\/span><b>Precio del nuevo iPad Air 2024<\/b><span class=\"ez-toc-section-end\"><\/span><\/h3>\n<p><span style=\"font-weight: 400;\">Como ya sabes, el iPad Air de 6\u00aa generaci\u00f3n tendr\u00e1 dos tama\u00f1os diferentes con distintas especificaciones a elecci\u00f3n del cliente. Estos son los precios del nuevo iPad Air:<\/span><\/p>\n<ul>\n<li style=\"font-weight: 400;\" aria-level=\"1\"><span style=\"font-weight: 400;\">iPad Air 11\u201d (WiFi) desde 699\u20ac&nbsp;<\/span><\/li>\n<li style=\"font-weight: 400;\" aria-level=\"1\"><span style=\"font-weight: 400;\">iPad Air 11\u201d (WiFi + Cellular) desde 869\u20ac<\/span><\/li>\n<li style=\"font-weight: 400;\" aria-level=\"1\"><span style=\"font-weight: 400;\">iPad Air 13\u201d (WiFi) desde 946\u20ac&nbsp;<\/span><\/li>\n<li style=\"font-weight: 400;\" aria-level=\"1\"><span style=\"font-weight: 400;\">iPad Air 13\u201d (WiFi + Cellular) desde 1.119\u20ac<\/span><\/li>\n<\/ul>\n<p><span style=\"font-weight: 400;\">Un dispositivo de estas caracter\u00edsticas necesita una tarifa a la altura y, por eso, en Lowi te ofrecemos el mejor internet en casa.<\/span><\/p>\n<p style=\"text-align: center;\"><b><\/b><b><a class=\"fasc-button fasc-size-medium fasc-type-flat fasc-rounded-medium fasc-ico-before dashicons-arrow-right-alt fasc-style-bold\" style=\"background-color: #df3343; color: #ffffff;\" href=\"https:\/\/www.lowi.es\/solo-fibra\/\">Ver tarifas de Fibra \u00d3ptica<\/a><\/b><\/p>\n<h2><span class=\"ez-toc-section\" id=\"iPad_Pro_2024_vs_iPad_Air_de_6a_generacion\"><\/span><b>iPad Pro 2024 vs. iPad Air de 6\u00aa generaci\u00f3n.<\/b><span class=\"ez-toc-section-end\"><\/span><\/h2>\n<table>\n<tbody>\n<tr>\n<td><span style=\"font-weight: 400;\">Caracter\u00edsticas<\/span><\/td>\n<td>\n<p style=\"text-align: center;\">iPad Pro 11\u201d<\/p>\n<\/td>\n<td style=\"text-align: center;\">iPad Pro 13\u201d<\/td>\n<td style=\"text-align: center;\">iPad Air 11\u201d<\/td>\n<td>\n<p style=\"text-align: center;\">iPad Air 13\u201d<\/p>\n<\/td>\n<\/tr>\n<tr>\n<td><span style=\"font-weight: 400;\">Dimensiones<\/span><\/td>\n<td><span style=\"font-weight: 400;\">24,97 cm de alto; 17,75 cm de ancho; 0,53 cm de grosor<\/span><\/td>\n<td><span style=\"font-weight: 400;\">28,16 cm de alto; 21,55 cm de ancho; 0,51 cm de grosor<\/span><\/td>\n<td><span style=\"font-weight: 400;\">24,75 cm de alto; 17,85 cm de ancho; 0,61 cm de grosor<\/span><\/td>\n<td><span style=\"font-weight: 400;\">28,06 cm de alto; 21,49 cm de ancho; 0,61 cm de grosor<\/span><\/td>\n<\/tr>\n<tr>\n<td><span style=\"font-weight: 400;\">Peso<\/span><\/td>\n<td><span style=\"font-weight: 400;\">Modelo WiFi: 444g<\/span><\/p>\n<p><span style=\"font-weight: 400;\">Modelo WiFi + Cellular: 446g<\/span><\/td>\n<td><span style=\"font-weight: 400;\">Modelo WiFi: 579<\/span><\/p>\n<p><span style=\"font-weight: 400;\">Modelo WiFi + Cellular: 582g<\/span><\/td>\n<td><span style=\"font-weight: 400;\">Modelo WiFi: 462g<\/span><\/p>\n<p><span style=\"font-weight: 400;\">Modelo WiFi + Cellular: 462g<\/span><\/td>\n<td><span style=\"font-weight: 400;\">Modelo WiFi: 617g<\/span><\/p>\n<p><span style=\"font-weight: 400;\">Modelo WiFi + Cellular: 618g<\/span><\/td>\n<\/tr>\n<tr>\n<td><span style=\"font-weight: 400;\">Pantalla<\/span><\/td>\n<td colspan=\"2\">\n<p style=\"text-align: center;\"><span style=\"font-weight: 400;\">Ultra Retina XDR<\/span><\/p>\n<p style=\"text-align: center;\"><span style=\"font-weight: 400;\">Oled Tandem<\/span><\/p>\n<\/td>\n<td colspan=\"2\">\n<p style=\"text-align: center;\"><span style=\"font-weight: 400;\">Liquid retina IPS<\/span><\/p>\n<p style=\"text-align: center;\"><span style=\"font-weight: 400;\">Retroilumidada por LED con Multi-Touch<\/span><\/p>\n<\/td>\n<\/tr>\n<tr>\n<td><span style=\"font-weight: 400;\">Resoluci\u00f3n<\/span><\/td>\n<td><span style=\"font-weight: 400;\">2.420 x 1.668 p\u00edxeles a 264 p\/p<\/span><\/td>\n<td><span style=\"font-weight: 400;\">2.752 x 2.064 p\u00edxeles a 264 p\/p<\/span><\/td>\n<td><span style=\"font-weight: 400;\">2.360 x 1.640 p\u00edxeles a 264 p\/p<\/span><\/td>\n<td><span style=\"font-weight: 400;\">2.732 x 2.048 p\u00edxeles a 264 p\/p<\/span><\/td>\n<\/tr>\n<tr>\n<td><span style=\"font-weight: 400;\">Procesador<\/span><\/td>\n<td colspan=\"2\">\n<p style=\"text-align: center;\"><span style=\"font-weight: 400;\">M4<\/span><\/p>\n<\/td>\n<td colspan=\"2\">\n<p style=\"text-align: center;\"><span style=\"font-weight: 400;\">M2<\/span><\/p>\n<\/td>\n<\/tr>\n<tr>\n<td><span style=\"font-weight: 400;\">Memoria<\/span><\/td>\n<td colspan=\"2\">\n<p style=\"text-align: center;\"><span style=\"font-weight: 400;\">8GB de RAM para los modelos de 256 o 512 GB de capacidad<\/span><\/p>\n<p style=\"text-align: center;\"><span style=\"font-weight: 400;\">16GB de memoria para los modelos de 1 o 2GB<\/span><\/p>\n<\/td>\n<td colspan=\"2\">\n<p style=\"text-align: center;\"><span style=\"font-weight: 400;\">8 GB de Memoria RAM<\/span><\/p>\n<\/td>\n<\/tr>\n<tr>\n<td><span style=\"font-weight: 400;\">Almacenamiento<\/span><\/td>\n<td colspan=\"2\">\n<p style=\"text-align: center;\"><strong>256 GB<\/strong><\/p>\n<p style=\"text-align: center;\"><strong>512 GB<\/strong><\/p>\n<p style=\"text-align: center;\"><strong>1 TB<\/strong><\/p>\n<p style=\"text-align: center;\"><strong>2 TB<\/strong><\/p>\n<\/td>\n<td colspan=\"2\">\n<p style=\"text-align: center;\"><strong>128 GB<\/strong><\/p>\n<p style=\"text-align: center;\"><strong>256 GB<\/strong><\/p>\n<p style=\"text-align: center;\"><strong>512 GB<\/strong><\/p>\n<p style=\"text-align: center;\"><strong>1 TB<\/strong><\/p>\n<\/td>\n<\/tr>\n<tr>\n<td><span style=\"font-weight: 400;\">C\u00e1mara trasera<\/span><\/td>\n<td colspan=\"2\">\n<p style=\"text-align: center;\"><span style=\"font-weight: 400;\">Gran angular de 12 Mpx y una apertura de f\/1,8<\/span><\/p>\n<p style=\"text-align: center;\"><span style=\"font-weight: 400;\">Zoom digital hasta x5<\/span><\/p>\n<\/td>\n<td colspan=\"2\">\n<p style=\"text-align: center;\"><span style=\"font-weight: 400;\">Gran angular de 12 Mpx y una apertura de f\/1,8<\/span><\/p>\n<\/td>\n<\/tr>\n<tr>\n<td><span style=\"font-weight: 400;\">Camara delantera<\/span><\/td>\n<td colspan=\"2\">\n<p style=\"text-align: center;\"><span style=\"font-weight: 400;\">Ultra gran angular de 12Mpx en horizontal<\/span><\/p>\n<\/td>\n<td colspan=\"2\">\n<p style=\"text-align: center;\"><span style=\"font-weight: 400;\">Ultra gran angular de 12Mpx en horizontal<\/span><\/p>\n<\/td>\n<\/tr>\n<tr>\n<td><span style=\"font-weight: 400;\">Grabaci\u00f3n de video<\/span><\/td>\n<td colspan=\"2\"><span style=\"font-weight: 400;\">Grabaci\u00f3n de v\u00eddeo en:<\/span><\/p>\n<ul>\n<li style=\"font-weight: 400;\" aria-level=\"1\"><span style=\"font-weight: 400;\">4K a 24, 25, 30 o 60 f\/s<\/span><\/li>\n<li style=\"font-weight: 400;\" aria-level=\"1\"><span style=\"font-weight: 400;\">1080p HD a 25, 30 o 60 f\/s<\/span><\/li>\n<li style=\"font-weight: 400;\" aria-level=\"1\"><span style=\"font-weight: 400;\">&nbsp;720p HD a 30 f\/s<\/span><\/li>\n<li style=\"font-weight: 400;\" aria-level=\"1\"><span style=\"font-weight: 400;\">ProRes hasta 4K a 30 f\/s (1080p a 30 f\/s en los modelos con 256 GB)<\/span><\/li>\n<\/ul>\n<\/td>\n<td colspan=\"2\"><span style=\"font-weight: 400;\">Grabaci\u00f3n de v\u00eddeo en:<\/span><\/p>\n<ul>\n<li style=\"font-weight: 400;\" aria-level=\"1\"><span style=\"font-weight: 400;\">4K a 24, 25, 30 o 60 f\/s<\/span><\/li>\n<li style=\"font-weight: 400;\" aria-level=\"1\"><span style=\"font-weight: 400;\">1080p HD a 25, 30 o 60 f\/s<\/span><\/li>\n<li style=\"font-weight: 400;\" aria-level=\"1\"><span style=\"font-weight: 400;\">720p HD a 30 f\/s<\/span><\/li>\n<\/ul>\n<\/td>\n<\/tr>\n<tr>\n<td><span style=\"font-weight: 400;\">Sistema operativo<\/span><\/td>\n<td colspan=\"2\">\n<p style=\"text-align: center;\"><span style=\"font-weight: 400;\">iPadOS17<\/span><\/p>\n<\/td>\n<td colspan=\"2\">\n<p style=\"text-align: center;\"><span style=\"font-weight: 400;\">iPadOS17<\/span><\/p>\n<\/td>\n<\/tr>\n<tr>\n<td><span style=\"font-weight: 400;\">Conectividad<\/span><\/td>\n<td colspan=\"2\">\n<ul>\n<li style=\"font-weight: 400;\" aria-level=\"1\"><a href=\"https:\/\/www.lowi.es\/glosario\/wifi-6\/\"><span style=\"font-weight: 400;\">WiFi 6E<\/span><\/a><\/li>\n<li style=\"font-weight: 400;\" aria-level=\"1\"><span style=\"font-weight: 400;\">5G (modelos WiFi + Cellular)<\/span><\/li>\n<li style=\"font-weight: 400;\" aria-level=\"1\"><span style=\"font-weight: 400;\">Doble banda simult\u00e1nea<\/span><\/li>\n<li style=\"font-weight: 400;\" aria-level=\"1\"><span style=\"font-weight: 400;\">Bluetooth 5.3<\/span><\/li>\n<li style=\"font-weight: 400;\" aria-level=\"1\"><a href=\"https:\/\/www.lowi.es\/glosario\/que-es-esim\/\"><span style=\"font-weight: 400;\">eSIM<\/span><\/a><span style=\"font-weight: 400;\">, el iPad Pro no es compatible con SIM F\u00edsica<\/span><\/li>\n<li style=\"font-weight: 400;\" aria-level=\"1\"><span style=\"font-weight: 400;\">USB-C<\/span><\/li>\n<\/ul>\n<\/td>\n<td colspan=\"2\">\n<ul>\n<li><span style=\"font-weight: 400;\">WiFi 6E<\/span><\/li>\n<li><span style=\"font-weight: 400;\">5G (en versiones Cellular)<\/span><\/li>\n<li><span style=\"font-weight: 400;\">Doble banda simult\u00e1nea<\/span><\/li>\n<li><span style=\"font-weight: 400;\">Bluetooth 5.3<\/span><\/li>\n<li><span style=\"font-weight: 400;\">eSIM, el iPad Air no es compatible con SIM F\u00edsica<\/span><\/li>\n<li><span style=\"font-weight: 400;\">USB-C<\/span><\/li>\n<\/ul>\n<\/td>\n<\/tr>\n<tr>\n<td><span style=\"font-weight: 400;\">Accesorios compatibles<\/span><\/td>\n<td colspan=\"2\">\n<p style=\"text-align: center;\"><span style=\"font-weight: 400;\">Apple Pencil Pro y USB-C<\/span><\/p>\n<p style=\"text-align: center;\"><span style=\"font-weight: 400;\">Magic Keyboard 2\u00aa generaci\u00f3n<\/span><\/p>\n<\/td>\n<td colspan=\"2\">\n<p style=\"text-align: center;\"><span style=\"font-weight: 400;\">Apple Pencil Pro y USB-C<\/span><\/p>\n<p style=\"text-align: center;\"><span style=\"font-weight: 400;\">Magic Keyboard 1\u00aa generaci\u00f3n<\/span><\/p>\n<\/td>\n<\/tr>\n<tr>\n<td><span style=\"font-weight: 400;\">Precio<\/span><\/td>\n<td><span style=\"font-weight: 400;\">Desde 1.199\u20ac<\/span><\/td>\n<td><span style=\"font-weight: 400;\">Desde 1.549\u20ac<\/span><\/td>\n<td><span style=\"font-weight: 400;\">Desde 699\u20ac<\/span><\/td>\n<td><span style=\"font-weight: 400;\">Desde 946\u20ac<\/span><\/td>\n<\/tr>\n<\/tbody>\n<\/table>\n<p>&nbsp;<\/p>\n<p><span style=\"font-weight: 400;\">Ahora que ya conoces todos los detalles sobre los nuevos modelos de iPad Pro y iPad Air 2024, es el momento de que elijas cu\u00e1l es el mejor para ti.<\/span><\/p>\n<p>&nbsp;<\/p>\n","protected":false},"excerpt":{"rendered":"<p>Ya est\u00e1n aqu\u00ed los nuevos iPad Pro 2024 y iPad Air de 6\u00aa generaci\u00f3n y el nuevo Apple Pencil Pro \u00a1Te contamos todos los detalles!<\/p>\n","protected":false},"author":5,"featured_media":15268,"comment_status":"open","ping_status":"closed","sticky":false,"template":"","format":"standard","meta":{"_uag_custom_page_level_css":"","footnotes":""},"categories":[6],"tags":[205],"class_list":["post-15267","post","type-post","status-publish","format-standard","has-post-thumbnail","hentry","category-tecnologia","tag-novedades"],"jetpack_featured_media_url":"https:\/\/www.lowi.es\/blog\/wp-content\/uploads\/2024\/05\/iPad-Pro-y-iPad-Air.jpg","uagb_featured_image_src":{"full":["https:\/\/www.lowi.es\/blog\/wp-content\/uploads\/2024\/05\/iPad-Pro-y-iPad-Air.jpg",750,400,false],"thumbnail":["https:\/\/www.lowi.es\/blog\/wp-content\/uploads\/2024\/05\/iPad-Pro-y-iPad-Air-150x150.jpg",150,150,true],"medium":["https:\/\/www.lowi.es\/blog\/wp-content\/uploads\/2024\/05\/iPad-Pro-y-iPad-Air-300x160.jpg",300,160,true],"medium_large":["https:\/\/www.lowi.es\/blog\/wp-content\/uploads\/2024\/05\/iPad-Pro-y-iPad-Air.jpg",750,400,false],"large":["https:\/\/www.lowi.es\/blog\/wp-content\/uploads\/2024\/05\/iPad-Pro-y-iPad-Air.jpg",750,400,false],"1536x1536":["https:\/\/www.lowi.es\/blog\/wp-content\/uploads\/2024\/05\/iPad-Pro-y-iPad-Air.jpg",750,400,false],"2048x2048":["https:\/\/www.lowi.es\/blog\/wp-content\/uploads\/2024\/05\/iPad-Pro-y-iPad-Air.jpg",750,400,false],"authorship-box-avatar":["https:\/\/www.lowi.es\/blog\/wp-content\/uploads\/2024\/05\/iPad-Pro-y-iPad-Air.jpg",150,80,false],"authorship-box-related":["https:\/\/www.lowi.es\/blog\/wp-content\/uploads\/2024\/05\/iPad-Pro-y-iPad-Air.jpg",70,37,false],"small":["https:\/\/www.lowi.es\/blog\/wp-content\/uploads\/2024\/05\/iPad-Pro-y-iPad-Air.jpg",300,160,false],"yarpp-thumbnail":["https:\/\/www.lowi.es\/blog\/wp-content\/uploads\/2024\/05\/iPad-Pro-y-iPad-Air.jpg",120,64,false]},"uagb_author_info":{"display_name":"Lowi","author_link":"https:\/\/www.lowi.es\/blog\/autor\/blog-lowi\/"},"uagb_comment_info":0,"uagb_excerpt":"Ya est\u00e1n aqu\u00ed los nuevos iPad Pro 2024 y iPad Air de 6\u00aa generaci\u00f3n y el nuevo Apple Pencil Pro \u00a1Te contamos todos los detalles!","jetpack_sharing_enabled":true,"_links":{"self":[{"href":"https:\/\/www.lowi.es\/blog\/wp-json\/wp\/v2\/posts\/15267","targetHints":{"allow":["GET"]}}],"collection":[{"href":"https:\/\/www.lowi.es\/blog\/wp-json\/wp\/v2\/posts"}],"about":[{"href":"https:\/\/www.lowi.es\/blog\/wp-json\/wp\/v2\/types\/post"}],"author":[{"embeddable":true,"href":"https:\/\/www.lowi.es\/blog\/wp-json\/wp\/v2\/users\/5"}],"replies":[{"embeddable":true,"href":"https:\/\/www.lowi.es\/blog\/wp-json\/wp\/v2\/comments?post=15267"}],"version-history":[{"count":6,"href":"https:\/\/www.lowi.es\/blog\/wp-json\/wp\/v2\/posts\/15267\/revisions"}],"predecessor-version":[{"id":15276,"href":"https:\/\/www.lowi.es\/blog\/wp-json\/wp\/v2\/posts\/15267\/revisions\/15276"}],"wp:featuredmedia":[{"embeddable":true,"href":"https:\/\/www.lowi.es\/blog\/wp-json\/wp\/v2\/media\/15268"}],"wp:attachment":[{"href":"https:\/\/www.lowi.es\/blog\/wp-json\/wp\/v2\/media?parent=15267"}],"wp:term":[{"taxonomy":"category","embeddable":true,"href":"https:\/\/www.lowi.es\/blog\/wp-json\/wp\/v2\/categories?post=15267"},{"taxonomy":"post_tag","embeddable":true,"href":"https:\/\/www.lowi.es\/blog\/wp-json\/wp\/v2\/tags?post=15267"}],"curies":[{"name":"wp","href":"https:\/\/api.w.org\/{rel}","templated":true}]}}