{"id":11770,"date":"2022-07-05T08:30:25","date_gmt":"2022-07-05T06:30:25","guid":{"rendered":"https:\/\/www.lowi.es\/blog\/?p=11770"},"modified":"2025-06-30T21:03:49","modified_gmt":"2025-06-30T19:03:49","slug":"festivales-verano","status":"publish","type":"post","link":"https:\/\/www.lowi.es\/blog\/festivales-verano\/","title":{"rendered":"Tu gu\u00eda de festivales de verano 2022"},"content":{"rendered":"<p><span data-contrast=\"auto\">Con la llegada de las vacaciones es tiempo de pensar en los mejores planes de verano. \u00bfY qu\u00e9 mejor plan que irse a un festival de m\u00fasica?<\/span><span data-ccp-props=\"{&quot;201341983&quot;:0,&quot;335551550&quot;:6,&quot;335551620&quot;:6,&quot;335559739&quot;:300,&quot;335559740&quot;:276}\">&nbsp;<\/span><\/p>\n<p><span data-contrast=\"auto\">Despu\u00e9s de haberse visto suspendidos los \u00faltimos a\u00f1os por la pandemia, vuelven con m\u00e1s fuerza\u2026 si no sabes cu\u00e1l elegir, te ense\u00f1amos los <\/span><b><span data-contrast=\"auto\">mejores festivales de verano para este 2022<\/span><\/b><span data-contrast=\"auto\">. \u00a1Para todos los gustos y colores!<\/span><\/p>\n<p><span data-contrast=\"auto\">Incluso, \u00bfpor qu\u00e9 elegir cuando puedes ir a todos los que puedas? Te los ordenamos por fecha y lugar, \u00a1apunta, apunta!<\/span><span data-ccp-props=\"{&quot;201341983&quot;:0,&quot;335551550&quot;:6,&quot;335551620&quot;:6,&quot;335559739&quot;:300,&quot;335559740&quot;:276}\">&nbsp;<\/span><\/p>\n<hr>\n<h2><a href=\"https:\/\/www.lowi.es\/tarifas-movil\/\"><img loading=\"lazy\" decoding=\"async\" class=\"lazy loaded aligncenter\" src=\"https:\/\/www.lowi.es\/blog\/wp-content\/uploads\/2022\/06\/Banner.gif\" alt=\"Descubre c\u00f3mo este verano con cualquier tarifa, Triple de Gigas\" width=\"372\" height=\"372\" data-src=\"https:\/\/www.lowi.es\/blog\/wp-content\/uploads\/2022\/06\/Banner.gif\" data-was-processed=\"true\"><\/a><\/h2>\n<hr>\n<div id=\"ez-toc-container\" class=\"ez-toc-v2_0_79_2 ez-toc-wrap-left counter-hierarchy ez-toc-counter ez-toc-custom ez-toc-container-direction\">\n<div class=\"ez-toc-title-container\">\n<p class=\"ez-toc-title\" style=\"cursor:inherit\">\u00cdndice de Contenidos<\/p>\n<span class=\"ez-toc-title-toggle\"><a href=\"#\" class=\"ez-toc-pull-right ez-toc-btn ez-toc-btn-xs ez-toc-btn-default ez-toc-toggle\" aria-label=\"Alternar tabla de contenidos\"><span class=\"ez-toc-js-icon-con\"><span class=\"\"><span class=\"eztoc-hide\" style=\"display:none;\">Toggle<\/span><span class=\"ez-toc-icon-toggle-span\"><svg style=\"fill: #696969;color:#696969\" xmlns=\"http:\/\/www.w3.org\/2000\/svg\" class=\"list-377408\" width=\"20px\" height=\"20px\" viewBox=\"0 0 24 24\" fill=\"none\"><path d=\"M6 6H4v2h2V6zm14 0H8v2h12V6zM4 11h2v2H4v-2zm16 0H8v2h12v-2zM4 16h2v2H4v-2zm16 0H8v2h12v-2z\" fill=\"currentColor\"><\/path><\/svg><svg style=\"fill: #696969;color:#696969\" class=\"arrow-unsorted-368013\" xmlns=\"http:\/\/www.w3.org\/2000\/svg\" width=\"10px\" height=\"10px\" viewBox=\"0 0 24 24\" version=\"1.2\" baseProfile=\"tiny\"><path d=\"M18.2 9.3l-6.2-6.3-6.2 6.3c-.2.2-.3.4-.3.7s.1.5.3.7c.2.2.4.3.7.3h11c.3 0 .5-.1.7-.3.2-.2.3-.5.3-.7s-.1-.5-.3-.7zM5.8 14.7l6.2 6.3 6.2-6.3c.2-.2.3-.5.3-.7s-.1-.5-.3-.7c-.2-.2-.4-.3-.7-.3h-11c-.3 0-.5.1-.7.3-.2.2-.3.5-.3.7s.1.5.3.7z\"\/><\/svg><\/span><\/span><\/span><\/a><\/span><\/div>\n<nav><ul class='ez-toc-list ez-toc-list-level-1 ' ><li class='ez-toc-page-1 ez-toc-heading-level-2'><a class=\"ez-toc-link ez-toc-heading-1\" href=\"https:\/\/www.lowi.es\/blog\/festivales-verano\/#Los_mejores_festivales_de_verano_en_2022\" >Los mejores festivales de verano en 2022&nbsp;<\/a><ul class='ez-toc-list-level-3' ><li class='ez-toc-heading-level-3'><a class=\"ez-toc-link ez-toc-heading-2\" href=\"https:\/\/www.lowi.es\/blog\/festivales-verano\/#%C2%A1Descarga_tu_calendario_de_festivales\" >\u00a1Descarga tu calendario de festivales!<\/a><\/li><li class='ez-toc-page-1 ez-toc-heading-level-3'><a class=\"ez-toc-link ez-toc-heading-3\" href=\"https:\/\/www.lowi.es\/blog\/festivales-verano\/#Festival_de_les_Arts_%E2%80%93_3_y_4_de_junio\" >Festival de les Arts &#8211; 3 y 4 de junio<\/a><\/li><li class='ez-toc-page-1 ez-toc-heading-level-3'><a class=\"ez-toc-link ez-toc-heading-4\" href=\"https:\/\/www.lowi.es\/blog\/festivales-verano\/#Azkena_Rock_%E2%80%93_16-18_de_junio\" >Azkena Rock &#8211; 16-18 de junio<\/a><\/li><li class='ez-toc-page-1 ez-toc-heading-level-3'><a class=\"ez-toc-link ez-toc-heading-5\" href=\"https:\/\/www.lowi.es\/blog\/festivales-verano\/#A_Summer_Story_%E2%80%93_17_y_18_de_junio\" >A Summer Story &#8211; 17 y 18 de junio<\/a><\/li><li class='ez-toc-page-1 ez-toc-heading-level-3'><a class=\"ez-toc-link ez-toc-heading-6\" href=\"https:\/\/www.lowi.es\/blog\/festivales-verano\/#Reggaeton_Beach_Festival_%E2%80%93_2-3_de_julio\" >Reggaeton Beach Festival &#8211; 2-3 de julio<\/a><\/li><li class='ez-toc-page-1 ez-toc-heading-level-3'><a class=\"ez-toc-link ez-toc-heading-7\" href=\"https:\/\/www.lowi.es\/blog\/festivales-verano\/#MadCool_%E2%80%93_6-10_de_julio\" >MadCool &#8211; 6-10 de julio<\/a><\/li><li class='ez-toc-page-1 ez-toc-heading-level-3'><a class=\"ez-toc-link ez-toc-heading-8\" href=\"https:\/\/www.lowi.es\/blog\/festivales-verano\/#Cabo_de_Plata_2022_%E2%80%93_20-23_de_julio\" >Cabo de Plata 2022 &#8211; 20-23 de julio<\/a><\/li><li class='ez-toc-page-1 ez-toc-heading-level-3'><a class=\"ez-toc-link ez-toc-heading-9\" href=\"https:\/\/www.lowi.es\/blog\/festivales-verano\/#Arenal_Sound_2022_%E2%80%93_2-7_de_agosto\" >Arenal Sound 2022 &#8211; 2-7 de agosto<\/a><\/li><li class='ez-toc-page-1 ez-toc-heading-level-3'><a class=\"ez-toc-link ez-toc-heading-10\" href=\"https:\/\/www.lowi.es\/blog\/festivales-verano\/#Sonorama_Ribera_%E2%80%93_10-14_de_agosto\" >Sonorama Ribera &#8211; 10-14 de agosto<\/a><\/li><\/ul><\/li><li class='ez-toc-page-1 ez-toc-heading-level-2'><a class=\"ez-toc-link ez-toc-heading-11\" href=\"https:\/\/www.lowi.es\/blog\/festivales-verano\/#Festivales_Madrid_2022_Septiembre\" >Festivales Madrid 2022 [Septiembre]<\/a><ul class='ez-toc-list-level-3' ><li class='ez-toc-heading-level-3'><a class=\"ez-toc-link ez-toc-heading-12\" href=\"https:\/\/www.lowi.es\/blog\/festivales-verano\/#Coca_Cola_Music_Experience_%E2%80%93_2_y_3_de_septiembre\" >Coca Cola Music Experience &#8211; 2 y 3 de septiembre<\/a><\/li><li class='ez-toc-page-1 ez-toc-heading-level-3'><a class=\"ez-toc-link ez-toc-heading-13\" href=\"https:\/\/www.lowi.es\/blog\/festivales-verano\/#DCODE_Festival_2022_%E2%80%93_17_de_septiembre\" >DCODE Festival 2022 &#8211; 17 de septiembre<\/a><\/li><li class='ez-toc-page-1 ez-toc-heading-level-3'><a class=\"ez-toc-link ez-toc-heading-14\" href=\"https:\/\/www.lowi.es\/blog\/festivales-verano\/#Festival_Brillante_2022_%E2%80%93_1617_y_18_de_septiembre\" >Festival Brillante 2022 &#8211; 16,17 y 18 de septiembre<\/a><\/li><li class='ez-toc-page-1 ez-toc-heading-level-3'><a class=\"ez-toc-link ez-toc-heading-15\" href=\"https:\/\/www.lowi.es\/blog\/festivales-verano\/#Jardin_de_las_Delicias_%E2%80%93_23_y_24_de_septiembre\" >Jard\u00edn de las Delicias &#8211; 23 y 24 de septiembre<\/a><\/li><\/ul><\/li><\/ul><\/nav><\/div>\n<h2><span class=\"ez-toc-section\" id=\"Los_mejores_festivales_de_verano_en_2022\"><\/span><strong><span class=\"TextRun Highlight SCXW164504231 BCX0\" lang=\"ES\" xml:lang=\"ES\" data-contrast=\"auto\"><span class=\"NormalTextRun SCXW164504231 BCX0\">Los mejores festivales de verano en 2022<\/span><\/span><span class=\"EOP SCXW164504231 BCX0\" data-ccp-props=\"{&quot;201341983&quot;:0,&quot;335551550&quot;:6,&quot;335551620&quot;:6,&quot;335559739&quot;:300,&quot;335559740&quot;:276}\">&nbsp;<\/span><\/strong><span class=\"ez-toc-section-end\"><\/span><\/h2>\n<h3 style=\"text-align: left;\"><span class=\"ez-toc-section\" id=\"%C2%A1Descarga_tu_calendario_de_festivales\"><\/span>\u00a1Descarga tu calendario de festivales!<span class=\"ez-toc-section-end\"><\/span><\/h3>\n<p><img loading=\"lazy\" decoding=\"async\" class=\"lazy loading aligncenter wp-image-11869 size-large\" src=\"https:\/\/www.lowi.es\/blog\/wp-content\/uploads\/2022\/04\/Festivales_Verano-563x1000.png\" alt=\"Festivales verano 2022\" width=\"563\" height=\"1000\" srcset=\"https:\/\/www.lowi.es\/blog\/wp-content\/uploads\/2022\/04\/Festivales_Verano-563x1000.png 563w, https:\/\/www.lowi.es\/blog\/wp-content\/uploads\/2022\/04\/Festivales_Verano-169x300.png 169w, https:\/\/www.lowi.es\/blog\/wp-content\/uploads\/2022\/04\/Festivales_Verano-768x1365.png 768w, https:\/\/www.lowi.es\/blog\/wp-content\/uploads\/2022\/04\/Festivales_Verano-864x1536.png 864w, https:\/\/www.lowi.es\/blog\/wp-content\/uploads\/2022\/04\/Festivales_Verano-1152x2048.png 1152w\" sizes=\"auto, (max-width: 563px) 100vw, 563px\" \/><\/p>\n<p style=\"text-align: center;\"><a class=\"fasc-button fasc-size-large fasc-type-flat fasc-rounded-medium fasc-ico-before dashicons-download fasc-style-bold\" style=\"background-color: #df3343; color: #ffffff;\" target=\"_blank\" rel=\"noopener\" href=\"https:\/\/www.lowi.es\/blog\/wp-content\/uploads\/2022\/04\/Festivales_Verano.png\">Calendario Festivales Verano 2022<\/a><\/p>\n<h3 aria-level=\"3\"><span class=\"ez-toc-section\" id=\"Festival_de_les_Arts_%E2%80%93_3_y_4_de_junio\"><\/span><b><span data-contrast=\"none\">Festival de les Arts<\/span><\/b><span data-ccp-props=\"{&quot;201341983&quot;:0,&quot;335551550&quot;:6,&quot;335551620&quot;:6,&quot;335559738&quot;:320,&quot;335559739&quot;:80,&quot;335559740&quot;:360}\"> &#8211; 3 y 4 de junio<\/span><span class=\"ez-toc-section-end\"><\/span><\/h3>\n<ul>\n<li><span data-contrast=\"auto\">Fecha: 3 y 4 de junio<\/span><span data-ccp-props=\"{&quot;201341983&quot;:0,&quot;335551550&quot;:6,&quot;335551620&quot;:6,&quot;335559739&quot;:300,&quot;335559740&quot;:276}\">&nbsp;<\/span><\/li>\n<li><span data-contrast=\"auto\">Lugar: Ciutat de les Arts (Valencia)<\/span><span data-ccp-props=\"{&quot;201341983&quot;:0,&quot;335551550&quot;:6,&quot;335551620&quot;:6,&quot;335559739&quot;:300,&quot;335559740&quot;:276}\">&nbsp;<\/span><\/li>\n<li><span data-contrast=\"auto\">Estilo: Alternativa, Pop, Rock<\/span><span data-ccp-props=\"{&quot;201341983&quot;:0,&quot;335551550&quot;:6,&quot;335551620&quot;:6,&quot;335559739&quot;:300,&quot;335559740&quot;:276}\">&nbsp;<\/span><\/li>\n<li><span data-contrast=\"auto\">Precio: 50 \u20ac (entrada\/d\u00eda)<\/span><span data-ccp-props=\"{&quot;201341983&quot;:0,&quot;335551550&quot;:6,&quot;335551620&quot;:6,&quot;335559739&quot;:300,&quot;335559740&quot;:276}\">&nbsp;<\/span><\/li>\n<\/ul>\n<p><span data-contrast=\"auto\">El <\/span><a href=\"https:\/\/www.festivaldelesarts.com\/\" target=\"_blank\" rel=\"noopener\"><b><span data-contrast=\"none\">festival de les Arts<\/span><\/b><\/a><span data-contrast=\"auto\"> es uno de los festivales de verano que inauguran la temporada en 2022. Se celebra en la Ciudad de las Artes y las Ciencias de Valencia durante dos d\u00edas cargados de artistas alternativos top.<\/span><span data-ccp-props=\"{&quot;201341983&quot;:0,&quot;335551550&quot;:6,&quot;335551620&quot;:6,&quot;335559739&quot;:300,&quot;335559740&quot;:276}\">&nbsp;<\/span><\/p>\n<p><span data-contrast=\"auto\">Destacan grupos como la M.O.D.A, Love of Lesbian o Ciudad Jara, y artistas como Carlos Sadness o Alba Reche.<\/span><span data-ccp-props=\"{&quot;201341983&quot;:0,&quot;335551550&quot;:6,&quot;335551620&quot;:6,&quot;335559739&quot;:300,&quot;335559740&quot;:276}\">&nbsp;<\/span><\/p>\n<p><img loading=\"lazy\" decoding=\"async\" class=\"aligncenter wp-image-12082 size-large\" title=\"Festival de les Arts 2022\" src=\"https:\/\/www.lowi.es\/blog\/wp-content\/uploads\/2022\/04\/Les-Arts-2022_cartel-800x1000.png\" alt=\"Festival de les Arts 2022\" width=\"800\" height=\"1000\" srcset=\"https:\/\/www.lowi.es\/blog\/wp-content\/uploads\/2022\/04\/Les-Arts-2022_cartel-800x1000.png 800w, https:\/\/www.lowi.es\/blog\/wp-content\/uploads\/2022\/04\/Les-Arts-2022_cartel-240x300.png 240w, https:\/\/www.lowi.es\/blog\/wp-content\/uploads\/2022\/04\/Les-Arts-2022_cartel-768x960.png 768w, https:\/\/www.lowi.es\/blog\/wp-content\/uploads\/2022\/04\/Les-Arts-2022_cartel.png 925w\" sizes=\"auto, (max-width: 800px) 100vw, 800px\" \/><\/p>\n<h3 aria-level=\"3\"><span class=\"ez-toc-section\" id=\"Azkena_Rock_%E2%80%93_16-18_de_junio\"><\/span><b><span data-contrast=\"none\">Azkena Rock<\/span><\/b><span data-ccp-props=\"{&quot;201341983&quot;:0,&quot;335551550&quot;:6,&quot;335551620&quot;:6,&quot;335559738&quot;:320,&quot;335559739&quot;:80,&quot;335559740&quot;:360}\"> &#8211; 16-18 de junio<\/span><span class=\"ez-toc-section-end\"><\/span><\/h3>\n<ul>\n<li><span data-contrast=\"auto\">Fecha: 16 &#8211; 18 de junio<\/span><span data-ccp-props=\"{&quot;201341983&quot;:0,&quot;335551550&quot;:6,&quot;335551620&quot;:6,&quot;335559739&quot;:300,&quot;335559740&quot;:276}\">&nbsp;<\/span><\/li>\n<li><span data-contrast=\"auto\">Lugar: Vitoria (\u00c1lava)<\/span><span data-ccp-props=\"{&quot;201341983&quot;:0,&quot;335551550&quot;:6,&quot;335551620&quot;:6,&quot;335559739&quot;:300,&quot;335559740&quot;:276}\">&nbsp;<\/span><\/li>\n<li><span data-contrast=\"auto\">Estilo: Rock, Punk, Hard rock, Heavy metal, Americana, Stoner rock<\/span><span data-ccp-props=\"{&quot;201341983&quot;:0,&quot;335551550&quot;:6,&quot;335551620&quot;:6,&quot;335559739&quot;:300,&quot;335559740&quot;:276}\">&nbsp;<\/span><\/li>\n<li><span data-contrast=\"auto\">Precio: desde 45\u20ac (entrada\/d\u00eda), 145\u20ac (bono 3 d\u00edas)<\/span><span data-ccp-props=\"{&quot;201341983&quot;:0,&quot;335551550&quot;:6,&quot;335551620&quot;:6,&quot;335559739&quot;:300,&quot;335559740&quot;:276}\">&nbsp;<\/span><\/li>\n<\/ul>\n<p><span data-contrast=\"auto\">El <\/span><a href=\"https:\/\/www.azkenarockfestival.com\/es\/\" target=\"_blank\" rel=\"noopener\"><b><span data-contrast=\"none\">Azkena Rock<\/span><\/b><\/a><span data-contrast=\"auto\"> se celebra todos a\u00f1os en Vitoria desde 2002, y se caracteriza por llevar grupos de rock \u201cpoco mainstreams\u201d junto a importantes cabezas de cartel.<\/span><span data-ccp-props=\"{&quot;201341983&quot;:0,&quot;335551550&quot;:6,&quot;335551620&quot;:6,&quot;335559739&quot;:300,&quot;335559740&quot;:276}\">&nbsp;<\/span><\/p>\n<p><span data-contrast=\"auto\">En esta edici\u00f3n van grupos como The Offspring, Social Distortion o Patti Smith and Band.<\/span><\/p>\n<p><img loading=\"lazy\" decoding=\"async\" class=\"aligncenter wp-image-12083 size-large\" title=\"Azkena Rock 2022\" src=\"https:\/\/www.lowi.es\/blog\/wp-content\/uploads\/2022\/04\/azkena-rock-festival-2022-801x1000.jpg\" alt=\"Azkena Rock 2022\" width=\"801\" height=\"1000\" srcset=\"https:\/\/www.lowi.es\/blog\/wp-content\/uploads\/2022\/04\/azkena-rock-festival-2022-801x1000.jpg 801w, https:\/\/www.lowi.es\/blog\/wp-content\/uploads\/2022\/04\/azkena-rock-festival-2022-240x300.jpg 240w, https:\/\/www.lowi.es\/blog\/wp-content\/uploads\/2022\/04\/azkena-rock-festival-2022-768x959.jpg 768w, https:\/\/www.lowi.es\/blog\/wp-content\/uploads\/2022\/04\/azkena-rock-festival-2022.jpg 961w\" sizes=\"auto, (max-width: 801px) 100vw, 801px\" \/><\/p>\n<h3 aria-level=\"3\"><span class=\"ez-toc-section\" id=\"A_Summer_Story_%E2%80%93_17_y_18_de_junio\"><\/span><b><span data-contrast=\"none\">A Summer Story<\/span><\/b><span data-ccp-props=\"{&quot;201341983&quot;:0,&quot;335551550&quot;:6,&quot;335551620&quot;:6,&quot;335559738&quot;:320,&quot;335559739&quot;:80,&quot;335559740&quot;:360}\"> &#8211; 17 y 18 de junio<\/span><span class=\"ez-toc-section-end\"><\/span><\/h3>\n<ul>\n<li><span data-contrast=\"auto\">Fecha: 17 y 18 de junio<\/span><span data-ccp-props=\"{&quot;201341983&quot;:0,&quot;335551550&quot;:6,&quot;335551620&quot;:6,&quot;335559739&quot;:300,&quot;335559740&quot;:276}\">&nbsp;<\/span><\/li>\n<li><span data-contrast=\"auto\">Lugar: Ciudad del Rock de Arganda del Rey (Madrid)<\/span><span data-ccp-props=\"{&quot;201341983&quot;:0,&quot;335551550&quot;:6,&quot;335551620&quot;:6,&quot;335559739&quot;:300,&quot;335559740&quot;:276}\">&nbsp;<\/span><\/li>\n<li><span data-contrast=\"auto\">Estilo: Electr\u00f3nica, Techno, House, Dance, EDM<\/span><span data-ccp-props=\"{&quot;201341983&quot;:0,&quot;335551550&quot;:6,&quot;335551620&quot;:6,&quot;335559739&quot;:300,&quot;335559740&quot;:276}\">&nbsp;<\/span><\/li>\n<li><span data-contrast=\"auto\">Precio: 40\u20ac (entrada\/d\u00eda), 75\u20ac (abono general)<\/span><span data-ccp-props=\"{&quot;201341983&quot;:0,&quot;335551550&quot;:6,&quot;335551620&quot;:6,&quot;335559739&quot;:300,&quot;335559740&quot;:276}\">&nbsp;<\/span><\/li>\n<\/ul>\n<p><span data-contrast=\"auto\">Bajo el lema \u201cCada verano tiene una historia y esta es la tuya\u201d, <\/span><a href=\"https:\/\/asummerstory.com\/\" target=\"_blank\" rel=\"noopener\"><b><span data-contrast=\"none\">A Summer Story<\/span><\/b><\/a><span data-contrast=\"auto\"> es el festival ideal para los amantes de la m\u00fasica electr\u00f3nica.<\/span><span data-ccp-props=\"{&quot;201341983&quot;:0,&quot;335551550&quot;:6,&quot;335551620&quot;:6,&quot;335559739&quot;:300,&quot;335559740&quot;:276}\">&nbsp;<\/span><\/p>\n<p><span data-contrast=\"auto\">En 2022, ir\u00e1n a este festival artistas de renombre como DJ Nano, Ti\u00ebsto, Brennan Heart, Recycled J, Rels B\u2026 \u00a1casi nada!<\/span><\/p>\n<p><img loading=\"lazy\" decoding=\"async\" class=\"aligncenter wp-image-12084\" title=\"A Summer Story 2022\" src=\"https:\/\/www.lowi.es\/blog\/wp-content\/uploads\/2022\/04\/a-summer-story-2022-300x300.jpg\" alt=\"A Summer Story 2022\" width=\"800\" height=\"800\" srcset=\"https:\/\/www.lowi.es\/blog\/wp-content\/uploads\/2022\/04\/a-summer-story-2022-300x300.jpg 300w, https:\/\/www.lowi.es\/blog\/wp-content\/uploads\/2022\/04\/a-summer-story-2022-1000x1000.jpg 1000w, https:\/\/www.lowi.es\/blog\/wp-content\/uploads\/2022\/04\/a-summer-story-2022-150x150.jpg 150w, https:\/\/www.lowi.es\/blog\/wp-content\/uploads\/2022\/04\/a-summer-story-2022-768x768.jpg 768w, https:\/\/www.lowi.es\/blog\/wp-content\/uploads\/2022\/04\/a-summer-story-2022-100x100.jpg 100w, https:\/\/www.lowi.es\/blog\/wp-content\/uploads\/2022\/04\/a-summer-story-2022.jpg 1080w\" sizes=\"auto, (max-width: 800px) 100vw, 800px\" \/><\/p>\n<h3 aria-level=\"3\"><span class=\"ez-toc-section\" id=\"Reggaeton_Beach_Festival_%E2%80%93_2-3_de_julio\"><\/span><b><span data-contrast=\"none\">Reggaeton Beach Festival<\/span><\/b><span data-ccp-props=\"{&quot;201341983&quot;:0,&quot;335551550&quot;:6,&quot;335551620&quot;:6,&quot;335559738&quot;:320,&quot;335559739&quot;:80,&quot;335559740&quot;:360}\"> &#8211; 2-3 de julio<\/span><span class=\"ez-toc-section-end\"><\/span><\/h3>\n<ul>\n<li><span data-contrast=\"auto\">Fecha: 2 y 3 de julio<\/span><span data-ccp-props=\"{&quot;201341983&quot;:0,&quot;335551550&quot;:6,&quot;335551620&quot;:6,&quot;335559739&quot;:300,&quot;335559740&quot;:276}\">&nbsp;<\/span><\/li>\n<li><span data-contrast=\"auto\">Lugar: IFEMA (Madrid)<\/span><span data-ccp-props=\"{&quot;201341983&quot;:0,&quot;335551550&quot;:6,&quot;335551620&quot;:6,&quot;335559739&quot;:300,&quot;335559740&quot;:276}\">&nbsp;<\/span><\/li>\n<li><span data-contrast=\"auto\">Estilo: Reggaeton, Latina<\/span><span data-ccp-props=\"{&quot;201341983&quot;:0,&quot;335551550&quot;:6,&quot;335551620&quot;:6,&quot;335559739&quot;:300,&quot;335559740&quot;:276}\">&nbsp;<\/span><\/li>\n<li><span data-contrast=\"auto\">Precio: 80\u20ac (abono general)<\/span><span data-ccp-props=\"{&quot;201341983&quot;:0,&quot;335551550&quot;:6,&quot;335551620&quot;:6,&quot;335559739&quot;:300,&quot;335559740&quot;:276}\">&nbsp;<\/span><\/li>\n<\/ul>\n<p><a href=\"https:\/\/reggaetonbeachfestival.com\/\" target=\"_blank\" rel=\"noopener\"><b><span data-contrast=\"none\">Reggaeton Beach Festival<\/span><\/b><\/a><span data-contrast=\"auto\"> es el mayor urban beach de Europa. Si te gusta escuchar y bailar reggaeton este es tu festival de verano, ya que adem\u00e1s est\u00e1 en distintas localizaciones. \u00a1No tienes escapatoria!<\/span><\/p>\n<p><img loading=\"lazy\" decoding=\"async\" class=\"aligncenter wp-image-12085\" title=\"Reggaeton Beach Festival 2022\" src=\"https:\/\/www.lowi.es\/blog\/wp-content\/uploads\/2022\/04\/reggaeton-beach-2022-300x200.jpg\" alt=\"Reggaeton Beach Festival 2022\" width=\"800\" height=\"533\" srcset=\"https:\/\/www.lowi.es\/blog\/wp-content\/uploads\/2022\/04\/reggaeton-beach-2022-300x200.jpg 300w, https:\/\/www.lowi.es\/blog\/wp-content\/uploads\/2022\/04\/reggaeton-beach-2022-768x512.jpg 768w, https:\/\/www.lowi.es\/blog\/wp-content\/uploads\/2022\/04\/reggaeton-beach-2022.jpg 900w\" sizes=\"auto, (max-width: 800px) 100vw, 800px\" \/><\/p>\n<p style=\"text-align: center;\"><a class=\"fasc-button fasc-size-large fasc-type-flat fasc-rounded-medium fasc-ico-before dashicons-arrow-right-alt fasc-style-bold\" style=\"background-color: #df3343; color: #ffffff;\" href=\"https:\/\/reggaetonbeachfestival.com\/es\/festivales\/summer\/madrid\/tickets\" target=\"_blank\" rel=\"noopener\">Entradas Reggaeton Beach<\/a><\/p>\n<h3 aria-level=\"3\"><span class=\"ez-toc-section\" id=\"MadCool_%E2%80%93_6-10_de_julio\"><\/span><b><span data-contrast=\"none\">MadCool<\/span><\/b><span data-ccp-props=\"{&quot;201341983&quot;:0,&quot;335551550&quot;:6,&quot;335551620&quot;:6,&quot;335559738&quot;:320,&quot;335559739&quot;:80,&quot;335559740&quot;:360}\"> &#8211; 6-10 de julio<\/span><span class=\"ez-toc-section-end\"><\/span><\/h3>\n<ul>\n<li><span data-contrast=\"auto\">Fecha: 6 &#8211; 10 de julio<\/span><span data-ccp-props=\"{&quot;201341983&quot;:0,&quot;335551550&quot;:6,&quot;335551620&quot;:6,&quot;335559739&quot;:300,&quot;335559740&quot;:276}\">&nbsp;<\/span><\/li>\n<li><span data-contrast=\"auto\">Lugar: Marina d\u2019Or, Asturias, Madrid, Benidorm, Mallorca, Barcelona, Tenerife, Santander, Marbella, Galicia<\/span><span data-ccp-props=\"{&quot;201341983&quot;:0,&quot;335551550&quot;:6,&quot;335551620&quot;:6,&quot;335559739&quot;:300,&quot;335559740&quot;:276}\">&nbsp;<\/span><\/li>\n<li><span data-contrast=\"auto\">Estilo: Indie, Rock, Pop, Electr\u00f3nica, Hip Hop, Rap<\/span><span data-ccp-props=\"{&quot;201341983&quot;:0,&quot;335551550&quot;:6,&quot;335551620&quot;:6,&quot;335559739&quot;:300,&quot;335559740&quot;:276}\">&nbsp;<\/span><\/li>\n<li><span data-contrast=\"auto\">Precio: 75\u20ac (entrada\/d\u00eda)<\/span><span data-ccp-props=\"{&quot;201341983&quot;:0,&quot;335551550&quot;:6,&quot;335551620&quot;:6,&quot;335559739&quot;:300,&quot;335559740&quot;:276}\">&nbsp;<\/span><\/li>\n<\/ul>\n<p><span data-contrast=\"auto\">El <\/span><a href=\"https:\/\/madcoolfestival.es\/\" target=\"_blank\" rel=\"noopener\"><b><span data-contrast=\"none\">Madcool<\/span><\/b><\/a> <span data-contrast=\"auto\">se celebra en Madrid y es la combinaci\u00f3n perfecta de festival de m\u00fasica indie rock con moda, gastronom\u00eda y diversi\u00f3n con amigos.<\/span><span data-ccp-props=\"{&quot;201341983&quot;:0,&quot;335551550&quot;:6,&quot;335551620&quot;:6,&quot;335559739&quot;:300,&quot;335559740&quot;:276}\">&nbsp;<\/span><\/p>\n<p><span data-contrast=\"auto\">Este a\u00f1o tienen cartelazo, con artistas tan buenos y variados como Twenty One Pilots, Imagine Dragons, Muse, Nathy Peluso\u2026<\/span><span data-ccp-props=\"{&quot;201341983&quot;:0,&quot;335551550&quot;:6,&quot;335551620&quot;:6,&quot;335559739&quot;:300,&quot;335559740&quot;:276}\">&nbsp;<\/span><\/p>\n<p><img loading=\"lazy\" decoding=\"async\" class=\"aligncenter wp-image-12086 size-large\" title=\"Mad Cool 2022\" src=\"https:\/\/www.lowi.es\/blog\/wp-content\/uploads\/2022\/04\/cartel-mad-cool-2022-800x1000.jpg\" alt=\"Mad Cool 2022\" width=\"800\" height=\"1000\" srcset=\"https:\/\/www.lowi.es\/blog\/wp-content\/uploads\/2022\/04\/cartel-mad-cool-2022-800x1000.jpg 800w, https:\/\/www.lowi.es\/blog\/wp-content\/uploads\/2022\/04\/cartel-mad-cool-2022-240x300.jpg 240w, https:\/\/www.lowi.es\/blog\/wp-content\/uploads\/2022\/04\/cartel-mad-cool-2022-768x960.jpg 768w, https:\/\/www.lowi.es\/blog\/wp-content\/uploads\/2022\/04\/cartel-mad-cool-2022.jpg 960w\" sizes=\"auto, (max-width: 800px) 100vw, 800px\" \/><\/p>\n<p style=\"text-align: center;\"><a class=\"fasc-button fasc-size-large fasc-type-flat fasc-rounded-medium fasc-ico-before dashicons-arrow-right-alt fasc-style-bold\" style=\"background-color: #df3343; color: #ffffff;\" target=\"_blank\" rel=\"noopener\" href=\"https:\/\/madcoolfestival.es\/tickets.php\">Entradas Mad Cool 2022<\/a><\/p>\n<h3 aria-level=\"3\"><span class=\"ez-toc-section\" id=\"Cabo_de_Plata_2022_%E2%80%93_20-23_de_julio\"><\/span><b><span data-contrast=\"none\">Cabo de Plata 2022<\/span><\/b><span data-ccp-props=\"{&quot;201341983&quot;:0,&quot;335551550&quot;:6,&quot;335551620&quot;:6,&quot;335559738&quot;:320,&quot;335559739&quot;:80,&quot;335559740&quot;:360}\"> &#8211; 20-23 de julio<\/span><span class=\"ez-toc-section-end\"><\/span><\/h3>\n<ul>\n<li><span data-contrast=\"auto\">Fecha: 20 -23 de julio<\/span><span data-ccp-props=\"{&quot;201341983&quot;:0,&quot;335551550&quot;:6,&quot;335551620&quot;:6,&quot;335559739&quot;:300,&quot;335559740&quot;:276}\">&nbsp;<\/span><\/li>\n<li><span data-contrast=\"auto\">Lugar: Barbate (C\u00e1diz)<\/span><span data-ccp-props=\"{&quot;201341983&quot;:0,&quot;335551550&quot;:6,&quot;335551620&quot;:6,&quot;335559739&quot;:300,&quot;335559740&quot;:276}\">&nbsp;<\/span><\/li>\n<li><span data-contrast=\"auto\">Estilo: Flamenco Pop, Reggae, Hip hop, Rock<\/span><\/li>\n<li><span data-contrast=\"auto\">Precio: 60\u20ac (abono sin zona de descanso)<\/span><span data-ccp-props=\"{&quot;201341983&quot;:0,&quot;335551550&quot;:6,&quot;335551620&quot;:6,&quot;335559739&quot;:300,&quot;335559740&quot;:276}\">&nbsp;<\/span><span data-ccp-props=\"{&quot;201341983&quot;:0,&quot;335551550&quot;:6,&quot;335551620&quot;:6,&quot;335559739&quot;:300,&quot;335559740&quot;:276}\">&nbsp;<\/span><\/li>\n<\/ul>\n<p><span data-contrast=\"auto\">Si eres de playeo, el festival de <\/span><a href=\"https:\/\/cabodeplata.com\/\" target=\"_blank\" rel=\"noopener\"><b><span data-contrast=\"none\">Cabo de Plata<\/span><\/b><\/a><span data-contrast=\"auto\"> se celebra en la costa, concretamente en Barbate (C\u00e1diz). Este evento re\u00fane artistas fusionando estilos como flamenco pop, reggae o hip hop.<\/span><span data-ccp-props=\"{&quot;201341983&quot;:0,&quot;335551550&quot;:6,&quot;335551620&quot;:6,&quot;335559739&quot;:300,&quot;335559740&quot;:276}\">&nbsp;<\/span><\/p>\n<p><span data-contrast=\"auto\">A este festival de verano, en 2022, ir\u00e1n conocidos artistas nacionales como Mala Rodr\u00edguez, Ayax y Prok, Recycled J o el Canijo de Jerez.<\/span><span data-ccp-props=\"{&quot;201341983&quot;:0,&quot;335551550&quot;:6,&quot;335551620&quot;:6,&quot;335559739&quot;:300,&quot;335559740&quot;:276}\">&nbsp;<\/span><\/p>\n<p><img loading=\"lazy\" decoding=\"async\" class=\"aligncenter wp-image-12087\" title=\"Cabo de Plata 2022\" src=\"https:\/\/www.lowi.es\/blog\/wp-content\/uploads\/2022\/04\/CaboPlata_GENERAL_completo_2022_POST-f5e2dcbf-300x300.jpeg\" alt=\"Cabo de Plata 2022\" width=\"800\" height=\"800\" srcset=\"https:\/\/www.lowi.es\/blog\/wp-content\/uploads\/2022\/04\/CaboPlata_GENERAL_completo_2022_POST-f5e2dcbf-300x300.jpeg 300w, https:\/\/www.lowi.es\/blog\/wp-content\/uploads\/2022\/04\/CaboPlata_GENERAL_completo_2022_POST-f5e2dcbf-1000x1000.jpeg 1000w, https:\/\/www.lowi.es\/blog\/wp-content\/uploads\/2022\/04\/CaboPlata_GENERAL_completo_2022_POST-f5e2dcbf-150x150.jpeg 150w, https:\/\/www.lowi.es\/blog\/wp-content\/uploads\/2022\/04\/CaboPlata_GENERAL_completo_2022_POST-f5e2dcbf-768x768.jpeg 768w, https:\/\/www.lowi.es\/blog\/wp-content\/uploads\/2022\/04\/CaboPlata_GENERAL_completo_2022_POST-f5e2dcbf-100x100.jpeg 100w, https:\/\/www.lowi.es\/blog\/wp-content\/uploads\/2022\/04\/CaboPlata_GENERAL_completo_2022_POST-f5e2dcbf.jpeg 1080w\" sizes=\"auto, (max-width: 800px) 100vw, 800px\" \/><\/p>\n<p style=\"text-align: center;\"><a class=\"fasc-button fasc-size-large fasc-type-flat fasc-rounded-medium fasc-ico-before dashicons-arrow-right-alt fasc-style-bold\" style=\"background-color: #df3343; color: #ffffff;\" target=\"_blank\" rel=\"noopener\" href=\"https:\/\/cabodeplata.com\/entradas\/\">Entradas Cabo de Plata 2022<\/a><\/p>\n<h3 aria-level=\"3\"><span class=\"ez-toc-section\" id=\"Arenal_Sound_2022_%E2%80%93_2-7_de_agosto\"><\/span><b><span data-contrast=\"none\">Arenal Sound 2022<\/span><\/b><span data-ccp-props=\"{&quot;201341983&quot;:0,&quot;335551550&quot;:6,&quot;335551620&quot;:6,&quot;335559738&quot;:320,&quot;335559739&quot;:80,&quot;335559740&quot;:360}\"> &#8211; 2-7 de agosto<\/span><span class=\"ez-toc-section-end\"><\/span><\/h3>\n<ul>\n<li><span data-contrast=\"auto\">Fecha: 2 &#8211; 7 de agosto<\/span><span data-ccp-props=\"{&quot;201341983&quot;:0,&quot;335551550&quot;:6,&quot;335551620&quot;:6,&quot;335559739&quot;:300,&quot;335559740&quot;:276}\">&nbsp;<\/span><\/li>\n<li><span data-contrast=\"auto\">Lugar: Playa del Arenal, Burriana (Castell\u00f3n)<\/span><span data-ccp-props=\"{&quot;201341983&quot;:0,&quot;335551550&quot;:6,&quot;335551620&quot;:6,&quot;335559739&quot;:300,&quot;335559740&quot;:276}\">&nbsp;<\/span><\/li>\n<li><span data-contrast=\"auto\">Estilo: Indie rock, Indie pop, Indietr\u00f3nica, Indie hip hop<\/span><span data-ccp-props=\"{&quot;201341983&quot;:0,&quot;335551550&quot;:6,&quot;335551620&quot;:6,&quot;335559739&quot;:300,&quot;335559740&quot;:276}\">&nbsp;<\/span><\/li>\n<li>Precio: 50\u20ac (entrada\/d\u00eda)<\/li>\n<\/ul>\n<p><span data-contrast=\"auto\">Quien piensa en festivales de verano, normalmente piensa en el <\/span><a href=\"https:\/\/www.arenalsound.com\/\" target=\"_blank\" rel=\"noopener\"><b><span data-contrast=\"none\">Arenal Sound<\/span><\/b><\/a><span data-contrast=\"auto\">\u2026 No es para menos, ya que lleva 10 ediciones y es uno de los m\u00e1s grandes de Espa\u00f1a.<\/span><span data-ccp-props=\"{&quot;201341983&quot;:0,&quot;335551550&quot;:6,&quot;335551620&quot;:6,&quot;335559739&quot;:300,&quot;335559740&quot;:276}\">&nbsp;<\/span><\/p>\n<p><span data-contrast=\"auto\">Se celebra en la playa del Arenal (Castell\u00f3n), y este a\u00f1o 2022 podr\u00e1s disfrutar de artistas como Myke Towers, C. Tangana o Bizarrap.<\/span><span data-ccp-props=\"{&quot;201341983&quot;:0,&quot;335551550&quot;:6,&quot;335551620&quot;:6,&quot;335559739&quot;:300,&quot;335559740&quot;:276}\">&nbsp;<\/span><\/p>\n<p><img loading=\"lazy\" decoding=\"async\" class=\"aligncenter wp-image-12088 size-full\" title=\"Arenal Sound 2022\" src=\"https:\/\/www.lowi.es\/blog\/wp-content\/uploads\/2022\/04\/arenal-sound-2022.jpg\" alt=\"Arenal Sound 2022\" width=\"800\" height=\"1000\" srcset=\"https:\/\/www.lowi.es\/blog\/wp-content\/uploads\/2022\/04\/arenal-sound-2022.jpg 800w, https:\/\/www.lowi.es\/blog\/wp-content\/uploads\/2022\/04\/arenal-sound-2022-240x300.jpg 240w, https:\/\/www.lowi.es\/blog\/wp-content\/uploads\/2022\/04\/arenal-sound-2022-768x960.jpg 768w\" sizes=\"auto, (max-width: 800px) 100vw, 800px\" \/><\/p>\n<p style=\"text-align: center;\"><a class=\"fasc-button fasc-size-large fasc-type-flat fasc-rounded-medium fasc-ico-before dashicons-arrow-right-alt fasc-style-bold\" style=\"background-color: #df3343; color: #ffffff;\" target=\"_blank\" rel=\"noopener\" href=\"https:\/\/www.arenalsound.com\/entradas\/\">Entradas Arenal Sound 2022<\/a><\/p>\n<h3 aria-level=\"3\"><span class=\"ez-toc-section\" id=\"Sonorama_Ribera_%E2%80%93_10-14_de_agosto\"><\/span><b><span data-contrast=\"none\">Sonorama Ribera<\/span><\/b><span data-ccp-props=\"{&quot;201341983&quot;:0,&quot;335551550&quot;:6,&quot;335551620&quot;:6,&quot;335559738&quot;:320,&quot;335559739&quot;:80,&quot;335559740&quot;:360}\"> &#8211; 10-14 de agosto<\/span><span class=\"ez-toc-section-end\"><\/span><\/h3>\n<ul>\n<li><span data-contrast=\"auto\">Fecha: 10 &#8211; 14 de agosto<\/span><span data-ccp-props=\"{&quot;201341983&quot;:0,&quot;335551550&quot;:6,&quot;335551620&quot;:6,&quot;335559739&quot;:300,&quot;335559740&quot;:276}\">&nbsp;<\/span><\/li>\n<li><span data-contrast=\"auto\">Lugar: Aranda de Duero (Burgos)<\/span><span data-ccp-props=\"{&quot;201341983&quot;:0,&quot;335551550&quot;:6,&quot;335551620&quot;:6,&quot;335559739&quot;:300,&quot;335559740&quot;:276}\">&nbsp;<\/span><\/li>\n<li><span data-contrast=\"auto\">Estilo: M\u00fasica alternativa, Indie rock, Indie pop, Electr\u00f3nica<\/span><span data-ccp-props=\"{&quot;201341983&quot;:0,&quot;335551550&quot;:6,&quot;335551620&quot;:6,&quot;335559739&quot;:300,&quot;335559740&quot;:276}\">&nbsp;<\/span><\/li>\n<li><span data-contrast=\"auto\">Precio: 75\u20ac (abono general)<\/span><span data-ccp-props=\"{&quot;201341983&quot;:0,&quot;335551550&quot;:6,&quot;335551620&quot;:6,&quot;335559739&quot;:300,&quot;335559740&quot;:276}\">&nbsp;<\/span><\/li>\n<\/ul>\n<p><span data-contrast=\"auto\">El <\/span><a href=\"https:\/\/sonorama-aranda.com\/\" target=\"_blank\" rel=\"noopener\"><b><span data-contrast=\"none\">Sonorama<\/span><\/b><\/a> <span data-contrast=\"auto\">de la localidad burgalesa es un festival alternativo, un gran plan tanto si te gusta un tipo de m\u00fasica algo m\u00e1s tranquila como el indie, como si eres fan del rock, ya que van artistas muy variados como Amaia, Celtas Cortos, Dorian, C. Tangana\u2026<\/span><span data-ccp-props=\"{&quot;201341983&quot;:0,&quot;335551550&quot;:6,&quot;335551620&quot;:6,&quot;335559739&quot;:300,&quot;335559740&quot;:276}\">&nbsp;<\/span><\/p>\n<p><img loading=\"lazy\" decoding=\"async\" class=\"aligncenter wp-image-12089 size-large\" title=\"Sonorama Ribera 2022\" src=\"https:\/\/www.lowi.es\/blog\/wp-content\/uploads\/2022\/04\/sonorama-2022-cartel-oficial-800x1000.jpg\" alt=\"Sonorama Ribera 2022\" width=\"800\" height=\"1000\" srcset=\"https:\/\/www.lowi.es\/blog\/wp-content\/uploads\/2022\/04\/sonorama-2022-cartel-oficial-800x1000.jpg 800w, https:\/\/www.lowi.es\/blog\/wp-content\/uploads\/2022\/04\/sonorama-2022-cartel-oficial-240x300.jpg 240w, https:\/\/www.lowi.es\/blog\/wp-content\/uploads\/2022\/04\/sonorama-2022-cartel-oficial-768x960.jpg 768w, https:\/\/www.lowi.es\/blog\/wp-content\/uploads\/2022\/04\/sonorama-2022-cartel-oficial-1229x1536.jpg 1229w, https:\/\/www.lowi.es\/blog\/wp-content\/uploads\/2022\/04\/sonorama-2022-cartel-oficial.jpg 1250w\" sizes=\"auto, (max-width: 800px) 100vw, 800px\" \/><\/p>\n<p style=\"text-align: center;\"><a class=\"fasc-button fasc-size-large fasc-type-flat fasc-rounded-medium fasc-ico-before dashicons-arrow-right-alt fasc-style-bold\" style=\"background-color: #df3343; color: #ffffff;\" target=\"_blank\" rel=\"noopener\" href=\"https:\/\/sonorama-aranda.com\/entradas\">Entradas Sonorama Ribera<\/a><\/p>\n<h2><span class=\"ez-toc-section\" id=\"Festivales_Madrid_2022_Septiembre\"><\/span><b>Festivales Madrid 2022 [Septiembre]<\/b><span class=\"ez-toc-section-end\"><\/span><\/h2>\n<p aria-level=\"3\"><span style=\"font-weight: 400;\">Los <\/span><b>festivales con los que puedes poner el broche de oro al verano en Madrid<\/b><span style=\"font-weight: 400;\"> son un planazo para que la vuelta de vacaciones en septiembre se te haga menos cuesta arriba. \u00a1Te dejamos la mejor selecci\u00f3n aqu\u00ed!<\/span><\/p>\n<h3 aria-level=\"3\"><span class=\"ez-toc-section\" id=\"Coca_Cola_Music_Experience_%E2%80%93_2_y_3_de_septiembre\"><\/span><b><span data-contrast=\"none\">Coca Cola Music Experience<\/span><\/b><span data-ccp-props=\"{&quot;201341983&quot;:0,&quot;335551550&quot;:6,&quot;335551620&quot;:6,&quot;335559738&quot;:320,&quot;335559739&quot;:80,&quot;335559740&quot;:360}\"> &#8211; 2 y 3 de septiembre<\/span><span class=\"ez-toc-section-end\"><\/span><\/h3>\n<ul>\n<li><span data-contrast=\"auto\">Fecha: 2 y 3 de septiembre<\/span><span data-ccp-props=\"{&quot;201341983&quot;:0,&quot;335551550&quot;:6,&quot;335551620&quot;:6,&quot;335559739&quot;:300,&quot;335559740&quot;:276}\">&nbsp;<\/span><\/li>\n<li><span data-contrast=\"auto\">Lugar: La Caja M\u00e1gica (Madrid)<\/span><span data-ccp-props=\"{&quot;201341983&quot;:0,&quot;335551550&quot;:6,&quot;335551620&quot;:6,&quot;335559739&quot;:300,&quot;335559740&quot;:276}\">&nbsp;<\/span><\/li>\n<li><span data-contrast=\"auto\">Estilo: Pop, Rock, Latino, Urbano<\/span><span data-ccp-props=\"{&quot;201341983&quot;:0,&quot;335551550&quot;:6,&quot;335551620&quot;:6,&quot;335559739&quot;:300,&quot;335559740&quot;:276}\">&nbsp;<\/span><\/li>\n<li><span data-contrast=\"auto\">Precio: 45\u20ac (abono general 2 d\u00edas)<\/span><span data-ccp-props=\"{&quot;201341983&quot;:0,&quot;335551550&quot;:6,&quot;335551620&quot;:6,&quot;335559739&quot;:300,&quot;335559740&quot;:276}\">&nbsp;<\/span><\/li>\n<\/ul>\n<p><span style=\"font-weight: 400;\">El<\/span><a href=\"https:\/\/www.cocacola.es\/musica\" target=\"_blank\" rel=\"noopener\"> <b>Coca Cola Music Experience<\/b><span style=\"font-weight: 400;\"> (CCME)<\/span><\/a><span style=\"font-weight: 400;\"> es uno de los festivales de Madrid que cierran el verano, y lo hacen por todo lo alto reuniendo artistas de distintos estilos, sobre todo pop.&nbsp;<\/span><\/p>\n<p><span style=\"font-weight: 400;\">Este a\u00f1o tiene cartelazo, con artistas como M\u00e4neskin, Lola \u00cdndigo, Bizarrap, Pole\u2026 \u00a1y m\u00e1s por confirmar!<\/span><\/p>\n<p><img loading=\"lazy\" decoding=\"async\" class=\"aligncenter wp-image-12091\" title=\"CocaCola Music Experience 2022\" src=\"https:\/\/www.lowi.es\/blog\/wp-content\/uploads\/2022\/04\/CocaCola_Music-300x300.png\" alt=\"Coca Cola Music Experience 2022\" width=\"600\" height=\"600\" srcset=\"https:\/\/www.lowi.es\/blog\/wp-content\/uploads\/2022\/04\/CocaCola_Music-300x300.png 300w, https:\/\/www.lowi.es\/blog\/wp-content\/uploads\/2022\/04\/CocaCola_Music-1000x1000.png 1000w, https:\/\/www.lowi.es\/blog\/wp-content\/uploads\/2022\/04\/CocaCola_Music-150x150.png 150w, https:\/\/www.lowi.es\/blog\/wp-content\/uploads\/2022\/04\/CocaCola_Music-768x768.png 768w, https:\/\/www.lowi.es\/blog\/wp-content\/uploads\/2022\/04\/CocaCola_Music-100x100.png 100w, https:\/\/www.lowi.es\/blog\/wp-content\/uploads\/2022\/04\/CocaCola_Music.png 1080w\" sizes=\"auto, (max-width: 600px) 100vw, 600px\" \/><\/p>\n<p style=\"text-align: center;\"><a class=\"fasc-button fasc-size-large fasc-type-flat fasc-rounded-medium fasc-ico-before dashicons-arrow-right-alt fasc-style-bold\" style=\"background-color: #df3343; color: #ffffff;\" href=\"https:\/\/imaseme.com\/ccme2022\" target=\"_blank\" rel=\"noopener\">Entradas CocaCola Music Experience 2022<\/a><\/p>\n<h3><span class=\"ez-toc-section\" id=\"DCODE_Festival_2022_%E2%80%93_17_de_septiembre\"><\/span><b>DCODE Festival 2022 &#8211; 17 de septiembre<\/b><span class=\"ez-toc-section-end\"><\/span><\/h3>\n<ul>\n<li><span style=\"font-weight: 400;\">Fecha: 17 de septiembre&nbsp;<\/span><\/li>\n<li><span style=\"font-weight: 400;\">Lugar: Ciudad Universitaria (Madrid)&nbsp;<\/span><\/li>\n<li><span style=\"font-weight: 400;\">Estilo: Indie, Rock, Pop<\/span><\/li>\n<li><span style=\"font-weight: 400;\">Precio: 45\u20ac (entrada general), 104\u20ac (entrada VIP)<\/span><\/li>\n<\/ul>\n<p><span style=\"font-weight: 400;\">El <\/span><a href=\"https:\/\/dcodefest.com\/\" target=\"_blank\" rel=\"noopener\"><span style=\"font-weight: 400;\">DCODE<\/span><\/a><span style=\"font-weight: 400;\"> es un festival de Madrid con el que podr\u00e1s paliar tu \u201cdepresi\u00f3n post vacacional\u201d, pues se celebra en septiembre en la capital, pero promete diversi\u00f3n en la vuelta del verano.<\/span><\/p>\n<p><span style=\"font-weight: 400;\">En su 7\u00aa edici\u00f3n, tocar\u00e1n artistas y bandas de la escena indie especialmente, internacionales como The Kooks, Crystal Fighters y nacionales como Carlos Sadness, Viva Suecia o Xoel L\u00f3pez.<\/span><\/p>\n<p><img loading=\"lazy\" decoding=\"async\" class=\"aligncenter wp-image-12095 size-large\" title=\"DCODE 2022\" src=\"https:\/\/www.lowi.es\/blog\/wp-content\/uploads\/2022\/04\/DCODE-2022-707x1000.jpg\" alt=\"DCODE 2022\" width=\"707\" height=\"1000\" srcset=\"https:\/\/www.lowi.es\/blog\/wp-content\/uploads\/2022\/04\/DCODE-2022-707x1000.jpg 707w, https:\/\/www.lowi.es\/blog\/wp-content\/uploads\/2022\/04\/DCODE-2022-212x300.jpg 212w, https:\/\/www.lowi.es\/blog\/wp-content\/uploads\/2022\/04\/DCODE-2022-768x1086.jpg 768w, https:\/\/www.lowi.es\/blog\/wp-content\/uploads\/2022\/04\/DCODE-2022-1086x1536.jpg 1086w, https:\/\/www.lowi.es\/blog\/wp-content\/uploads\/2022\/04\/DCODE-2022-1448x2048.jpg 1448w, https:\/\/www.lowi.es\/blog\/wp-content\/uploads\/2022\/04\/DCODE-2022.jpg 1599w\" sizes=\"auto, (max-width: 707px) 100vw, 707px\" \/><\/p>\n<p style=\"text-align: center;\"><a class=\"fasc-button fasc-size-large fasc-type-flat fasc-rounded-medium fasc-ico-before dashicons-arrow-right-alt fasc-style-bold\" style=\"background-color: #df3343; color: #ffffff;\" target=\"_blank\" rel=\"noopener\" href=\"https:\/\/dcodefest.com\/entradas\">Entradas DCODE 2022<\/a><\/p>\n<h3><span class=\"ez-toc-section\" id=\"Festival_Brillante_2022_%E2%80%93_1617_y_18_de_septiembre\"><\/span><b>Festival Brillante 2022 &#8211; 16,17 y 18 de septiembre<\/b><span class=\"ez-toc-section-end\"><\/span><\/h3>\n<ul>\n<li><span style=\"font-weight: 400;\">Fecha: 16, 17 y 18 de septiembre&nbsp;<\/span><\/li>\n<li><span style=\"font-weight: 400;\">Lugar: Chapiner\u00eda (Madrid)&nbsp;<\/span><\/li>\n<li><span style=\"font-weight: 400;\">Estilo: Indie, Pop&nbsp;<\/span><\/li>\n<li><span style=\"font-weight: 400;\">Precio: 50\u20ac (entrada\/d\u00eda), 104\u20ac (entrada VIP)<\/span><\/li>\n<\/ul>\n<p><span style=\"font-weight: 400;\">El Festival Brillante es uno de los m\u00e1s nuevos festivales de verano en Madrid, que se celebrar\u00e1 en septiembre. Concretamente tendr\u00e1 lugar en Chapiner\u00eda (en la Sierra Oeste de la capital), y tiene la misi\u00f3n de hacerte salir de la ciudad y desconectar con m\u00fasica, baile y gastronom\u00eda en la naturaleza.<\/span><\/p>\n<p><span style=\"font-weight: 400;\">Adem\u00e1s de sus artistas invitados, como Amaia, La Casa Azul o Julieta Venegas, habr\u00e1 mercadillos y food trucks con \u00e1reas de descanso y restauraci\u00f3n local. Un festival diferente sin duda.<\/span><\/p>\n<p><img loading=\"lazy\" decoding=\"async\" class=\"aligncenter wp-image-12094 size-large\" src=\"https:\/\/www.lowi.es\/blog\/wp-content\/uploads\/2022\/04\/Festival-brillante-707x1000.jpg\" alt=\"Festival Brillante 2022\" width=\"707\" height=\"1000\" srcset=\"https:\/\/www.lowi.es\/blog\/wp-content\/uploads\/2022\/04\/Festival-brillante-707x1000.jpg 707w, https:\/\/www.lowi.es\/blog\/wp-content\/uploads\/2022\/04\/Festival-brillante-212x300.jpg 212w, https:\/\/www.lowi.es\/blog\/wp-content\/uploads\/2022\/04\/Festival-brillante-768x1086.jpg 768w, https:\/\/www.lowi.es\/blog\/wp-content\/uploads\/2022\/04\/Festival-brillante.jpg 900w\" sizes=\"auto, (max-width: 707px) 100vw, 707px\" \/><\/p>\n<p style=\"text-align: center;\"><a class=\"fasc-button fasc-size-large fasc-type-flat fasc-rounded-medium fasc-ico-before dashicons-arrow-right-alt fasc-style-bold\" style=\"background-color: #df3343; color: #ffffff;\" target=\"_blank\" rel=\"noopener\" href=\"https:\/\/festivalbrillante.com\/entradas\/\">Entradas Festival Brillante 2022<\/a><\/p>\n<h3 aria-level=\"3\"><span class=\"ez-toc-section\" id=\"Jardin_de_las_Delicias_%E2%80%93_23_y_24_de_septiembre\"><\/span><b><span data-contrast=\"none\">Jard\u00edn de las Delicias<\/span><\/b><span data-ccp-props=\"{&quot;201341983&quot;:0,&quot;335551550&quot;:6,&quot;335551620&quot;:6,&quot;335559738&quot;:320,&quot;335559739&quot;:80,&quot;335559740&quot;:360}\"> &#8211; 23 y 24 de septiembre<\/span><span class=\"ez-toc-section-end\"><\/span><\/h3>\n<ul>\n<li><span data-contrast=\"auto\">Fecha: 23 y 24 de septiembre<\/span><span data-ccp-props=\"{&quot;201341983&quot;:0,&quot;335551550&quot;:6,&quot;335551620&quot;:6,&quot;335559739&quot;:300,&quot;335559740&quot;:276}\">&nbsp;<\/span><\/li>\n<li><span data-contrast=\"auto\">Lugar: Ciudad Universitaria (Madrid)<\/span><span data-ccp-props=\"{&quot;201341983&quot;:0,&quot;335551550&quot;:6,&quot;335551620&quot;:6,&quot;335559739&quot;:300,&quot;335559740&quot;:276}\">&nbsp;<\/span><\/li>\n<li><span data-contrast=\"auto\">Estilo: Pop, Rock, Indie<\/span><span data-ccp-props=\"{&quot;201341983&quot;:0,&quot;335551550&quot;:6,&quot;335551620&quot;:6,&quot;335559739&quot;:300,&quot;335559740&quot;:276}\">&nbsp;<\/span><\/li>\n<li><span data-contrast=\"auto\">Precio: 55\u20ac (entrada \/d\u00eda), 100\u20ac (abono general 2 d\u00edas)<\/span><span data-ccp-props=\"{&quot;201341983&quot;:0,&quot;335551550&quot;:6,&quot;335551620&quot;:6,&quot;335559739&quot;:300,&quot;335559740&quot;:276}\">&nbsp;<\/span><\/li>\n<\/ul>\n<p><span data-contrast=\"auto\">Y por \u00faltimo, los festivales de verano acaban con el <a href=\"https:\/\/www.jardindeliciasfestival.com\/\" target=\"_blank\" rel=\"noopener\">Jard\u00edn de las Delicias<\/a>, un planazo de fin de semana que se celebra en la ciudad universitaria de Madrid.<\/span><span data-ccp-props=\"{&quot;201341983&quot;:0,&quot;335551550&quot;:6,&quot;335551620&quot;:6,&quot;335559739&quot;:300,&quot;335559740&quot;:276}\">&nbsp;<\/span><\/p>\n<p><span data-contrast=\"auto\">Aunque el cartel no est\u00e1 cerrado del todo, ya hay confirmados artistas muy conocidos entre el p\u00fablico pop rock e indie, como Leiva, Marlon, Izal o Rozal\u00e9n.<\/span><\/p>\n<p><img loading=\"lazy\" decoding=\"async\" class=\"aligncenter wp-image-12092\" title=\"Jard\u00edn de las Delicias 2022\" src=\"https:\/\/www.lowi.es\/blog\/wp-content\/uploads\/2022\/04\/Jardin-Delicias-2022-210x300.jpg\" alt=\"Jard\u00edn de las Delicias 2022\" width=\"800\" height=\"1145\" srcset=\"https:\/\/www.lowi.es\/blog\/wp-content\/uploads\/2022\/04\/Jardin-Delicias-2022-210x300.jpg 210w, https:\/\/www.lowi.es\/blog\/wp-content\/uploads\/2022\/04\/Jardin-Delicias-2022-699x1000.jpg 699w, https:\/\/www.lowi.es\/blog\/wp-content\/uploads\/2022\/04\/Jardin-Delicias-2022-768x1099.jpg 768w, https:\/\/www.lowi.es\/blog\/wp-content\/uploads\/2022\/04\/Jardin-Delicias-2022-1073x1536.jpg 1073w, https:\/\/www.lowi.es\/blog\/wp-content\/uploads\/2022\/04\/Jardin-Delicias-2022.jpg 1080w\" sizes=\"auto, (max-width: 800px) 100vw, 800px\" \/><\/p>\n<p style=\"text-align: center;\"><a class=\"fasc-button fasc-size-large fasc-type-flat fasc-rounded-medium fasc-ico-before dashicons-arrow-right-alt fasc-style-bold\" style=\"background-color: #df3343; color: #ffffff;\" target=\"_blank\" rel=\"noopener\" href=\"https:\/\/www.jardindeliciasfestival.com\/\">Entradas Jard\u00edn de las Delicias 2022<\/a><\/p>\n<p><span data-contrast=\"auto\">Y ahora que sabes los mejores festivales que habr\u00e1 este 2022, es hora de ponerse en marcha con tus amigos y elegir el que m\u00e1s os va.&nbsp;<\/span><span data-ccp-props=\"{&quot;201341983&quot;:0,&quot;335551550&quot;:6,&quot;335551620&quot;:6,&quot;335559739&quot;:300,&quot;335559740&quot;:276}\">&nbsp;<\/span><\/p>\n<p><span data-contrast=\"auto\">Si os toca desplazaros o dividir gastos, tienes las <\/span><a href=\"https:\/\/www.lowi.es\/blog\/apps-para-tenerlo-todo-bajo-control-en-tu-viaje\/\"><span data-contrast=\"none\">mejores apps para organizar tu viaje<\/span><\/a><span data-contrast=\"auto\"> para que os sea m\u00e1s f\u00e1cil y solo disfrut\u00e9is.<\/span><\/p>\n","protected":false},"excerpt":{"rendered":"<p>Despu\u00e9s de haberse visto suspendidos los \u00faltimos a\u00f1os por la pandemia, vuelven con m\u00e1s fuerza\u2026 si no sabes cu\u00e1l elegir, te ense\u00f1amos los mejores festivales de verano para este 2022. \u00a1Para todos los gustos y colores! <\/p>\n","protected":false},"author":5,"featured_media":18181,"comment_status":"open","ping_status":"closed","sticky":false,"template":"","format":"standard","meta":{"_uag_custom_page_level_css":"","footnotes":""},"categories":[139],"tags":[222],"class_list":["post-11770","post","type-post","status-publish","format-standard","has-post-thumbnail","hentry","category-entretenimiento","tag-planes"],"jetpack_featured_media_url":"https:\/\/www.lowi.es\/blog\/wp-content\/uploads\/2022\/07\/Guia-de-festivales-de-verano-2022.jpg","uagb_featured_image_src":{"full":["https:\/\/www.lowi.es\/blog\/wp-content\/uploads\/2022\/07\/Guia-de-festivales-de-verano-2022.jpg",700,467,false],"thumbnail":["https:\/\/www.lowi.es\/blog\/wp-content\/uploads\/2022\/07\/Guia-de-festivales-de-verano-2022-150x150.jpg",150,150,true],"medium":["https:\/\/www.lowi.es\/blog\/wp-content\/uploads\/2022\/07\/Guia-de-festivales-de-verano-2022-300x200.jpg",300,200,true],"medium_large":["https:\/\/www.lowi.es\/blog\/wp-content\/uploads\/2022\/07\/Guia-de-festivales-de-verano-2022.jpg",700,467,false],"large":["https:\/\/www.lowi.es\/blog\/wp-content\/uploads\/2022\/07\/Guia-de-festivales-de-verano-2022.jpg",700,467,false],"1536x1536":["https:\/\/www.lowi.es\/blog\/wp-content\/uploads\/2022\/07\/Guia-de-festivales-de-verano-2022.jpg",700,467,false],"2048x2048":["https:\/\/www.lowi.es\/blog\/wp-content\/uploads\/2022\/07\/Guia-de-festivales-de-verano-2022.jpg",700,467,false],"authorship-box-avatar":["https:\/\/www.lowi.es\/blog\/wp-content\/uploads\/2022\/07\/Guia-de-festivales-de-verano-2022-150x150.jpg",150,150,true],"authorship-box-related":["https:\/\/www.lowi.es\/blog\/wp-content\/uploads\/2022\/07\/Guia-de-festivales-de-verano-2022-70x70.jpg",70,70,true],"small":["https:\/\/www.lowi.es\/blog\/wp-content\/uploads\/2022\/07\/Guia-de-festivales-de-verano-2022-300x200.jpg",300,200,true],"yarpp-thumbnail":["https:\/\/www.lowi.es\/blog\/wp-content\/uploads\/2022\/07\/Guia-de-festivales-de-verano-2022-120x120.jpg",120,120,true]},"uagb_author_info":{"display_name":"Lowi","author_link":"https:\/\/www.lowi.es\/blog\/autor\/blog-lowi\/"},"uagb_comment_info":0,"uagb_excerpt":"Despu\u00e9s de haberse visto suspendidos los \u00faltimos a\u00f1os por la pandemia, vuelven con m\u00e1s fuerza\u2026 si no sabes cu\u00e1l elegir, te ense\u00f1amos los mejores festivales de verano para este 2022. \u00a1Para todos los gustos y colores!","jetpack_sharing_enabled":true,"_links":{"self":[{"href":"https:\/\/www.lowi.es\/blog\/wp-json\/wp\/v2\/posts\/11770","targetHints":{"allow":["GET"]}}],"collection":[{"href":"https:\/\/www.lowi.es\/blog\/wp-json\/wp\/v2\/posts"}],"about":[{"href":"https:\/\/www.lowi.es\/blog\/wp-json\/wp\/v2\/types\/post"}],"author":[{"embeddable":true,"href":"https:\/\/www.lowi.es\/blog\/wp-json\/wp\/v2\/users\/5"}],"replies":[{"embeddable":true,"href":"https:\/\/www.lowi.es\/blog\/wp-json\/wp\/v2\/comments?post=11770"}],"version-history":[{"count":20,"href":"https:\/\/www.lowi.es\/blog\/wp-json\/wp\/v2\/posts\/11770\/revisions"}],"predecessor-version":[{"id":18182,"href":"https:\/\/www.lowi.es\/blog\/wp-json\/wp\/v2\/posts\/11770\/revisions\/18182"}],"wp:featuredmedia":[{"embeddable":true,"href":"https:\/\/www.lowi.es\/blog\/wp-json\/wp\/v2\/media\/18181"}],"wp:attachment":[{"href":"https:\/\/www.lowi.es\/blog\/wp-json\/wp\/v2\/media?parent=11770"}],"wp:term":[{"taxonomy":"category","embeddable":true,"href":"https:\/\/www.lowi.es\/blog\/wp-json\/wp\/v2\/categories?post=11770"},{"taxonomy":"post_tag","embeddable":true,"href":"https:\/\/www.lowi.es\/blog\/wp-json\/wp\/v2\/tags?post=11770"}],"curies":[{"name":"wp","href":"https:\/\/api.w.org\/{rel}","templated":true}]}}