{"id":11459,"date":"2026-02-02T18:45:29","date_gmt":"2026-02-02T17:45:29","guid":{"rendered":"https:\/\/www.lowi.es\/blog\/?p=11459"},"modified":"2026-02-02T18:45:32","modified_gmt":"2026-02-02T17:45:32","slug":"los-estrenos-mas-esperados-del-ano","status":"publish","type":"post","link":"https:\/\/www.lowi.es\/blog\/los-estrenos-mas-esperados-del-ano\/","title":{"rendered":"Estrenos 2026: Las pel\u00edculas m\u00e1s esperadas del a\u00f1o"},"content":{"rendered":"\n<p>Este a\u00f1o es <strong>crucial para la industria cinematogr\u00e1fica<\/strong>. Con una taquilla incapaz de levantarse a los niveles prepandemia, con un Hollywood acechado por los fantasmas de las recientes huelgas, y con una audiencia que prefiere cada vez m\u00e1s los m\u00f3viles a la pantalla de plata, el panorama se percibe algo complicado.&nbsp;<\/p>\n\n\n\n<p>Sin embargo, <strong>los estrenos de 2026 prometen mucho<\/strong>. Si algo puede \u00absalvar\u00bb a los cines es el cat\u00e1logo de pel\u00edculas que debutar\u00e1n en las salas en los pr\u00f3ximos meses. Y si eres de los que prefieren esperar a servicios de streaming, te recomendamos explorar nuestras tarifas para que cuentes con el mejor internet en casa.<\/p>\n\n\n\n<p class=\"has-text-align-center\"><a class=\"fasc-button fasc-size-medium fasc-type-flat fasc-rounded-medium fasc-ico-before dashicons-arrow-right-alt fasc-style-bold\" style=\"background-color: #df3343; color: #ffffff;\" href=\"https:\/\/www.lowi.es\/fibra-movil-y-tv\/\">Ofertas en Fibra, M\u00f3vil y Servicios TV&nbsp;<\/a><\/p>\n\n\n\n<div id=\"ez-toc-container\" class=\"ez-toc-v2_0_79_2 ez-toc-wrap-left counter-hierarchy ez-toc-counter ez-toc-custom ez-toc-container-direction\">\n<div class=\"ez-toc-title-container\">\n<p class=\"ez-toc-title\" style=\"cursor:inherit\">\u00cdndice de Contenidos<\/p>\n<span class=\"ez-toc-title-toggle\"><a href=\"#\" class=\"ez-toc-pull-right ez-toc-btn ez-toc-btn-xs ez-toc-btn-default ez-toc-toggle\" aria-label=\"Alternar tabla de contenidos\"><span class=\"ez-toc-js-icon-con\"><span class=\"\"><span class=\"eztoc-hide\" style=\"display:none;\">Toggle<\/span><span class=\"ez-toc-icon-toggle-span\"><svg style=\"fill: #696969;color:#696969\" xmlns=\"http:\/\/www.w3.org\/2000\/svg\" class=\"list-377408\" width=\"20px\" height=\"20px\" viewBox=\"0 0 24 24\" fill=\"none\"><path d=\"M6 6H4v2h2V6zm14 0H8v2h12V6zM4 11h2v2H4v-2zm16 0H8v2h12v-2zM4 16h2v2H4v-2zm16 0H8v2h12v-2z\" fill=\"currentColor\"><\/path><\/svg><svg style=\"fill: #696969;color:#696969\" class=\"arrow-unsorted-368013\" xmlns=\"http:\/\/www.w3.org\/2000\/svg\" width=\"10px\" height=\"10px\" viewBox=\"0 0 24 24\" version=\"1.2\" baseProfile=\"tiny\"><path d=\"M18.2 9.3l-6.2-6.3-6.2 6.3c-.2.2-.3.4-.3.7s.1.5.3.7c.2.2.4.3.7.3h11c.3 0 .5-.1.7-.3.2-.2.3-.5.3-.7s-.1-.5-.3-.7zM5.8 14.7l6.2 6.3 6.2-6.3c.2-.2.3-.5.3-.7s-.1-.5-.3-.7c-.2-.2-.4-.3-.7-.3h-11c-.3 0-.5.1-.7.3-.2.2-.3.5-.3.7s.1.5.3.7z\"\/><\/svg><\/span><\/span><\/span><\/a><\/span><\/div>\n<nav><ul class='ez-toc-list ez-toc-list-level-1 ' ><li class='ez-toc-page-1 ez-toc-heading-level-2'><a class=\"ez-toc-link ez-toc-heading-1\" href=\"https:\/\/www.lowi.es\/blog\/los-estrenos-mas-esperados-del-ano\/#Calendario_de_estrenos_2026_en_Espana\" >Calendario de estrenos 2026 en Espa\u00f1a<\/a><\/li><li class='ez-toc-page-1 ez-toc-heading-level-2'><a class=\"ez-toc-link ez-toc-heading-2\" href=\"https:\/\/www.lowi.es\/blog\/los-estrenos-mas-esperados-del-ano\/#Los_grandes_%C2%ABBlockbusters%C2%BB_que_dominaran_la_taquilla\" >Los grandes \u00abBlockbusters\u00bb que dominar\u00e1n la taquilla<\/a><ul class='ez-toc-list-level-3' ><li class='ez-toc-heading-level-3'><a class=\"ez-toc-link ez-toc-heading-3\" href=\"https:\/\/www.lowi.es\/blog\/los-estrenos-mas-esperados-del-ano\/#Cumbres_Borrascosas_Febrero\" >Cumbres Borrascosas (Febrero)<\/a><\/li><li class='ez-toc-page-1 ez-toc-heading-level-3'><a class=\"ez-toc-link ez-toc-heading-4\" href=\"https:\/\/www.lowi.es\/blog\/los-estrenos-mas-esperados-del-ano\/#El_diablo_viste_de_Prada_2_abril\" >El diablo viste de Prada 2 (abril)<\/a><\/li><li class='ez-toc-page-1 ez-toc-heading-level-3'><a class=\"ez-toc-link ez-toc-heading-5\" href=\"https:\/\/www.lowi.es\/blog\/los-estrenos-mas-esperados-del-ano\/#Star_Wars_The_Mandalorian_Grogu_Mayo\" >Star Wars: The Mandalorian &amp; Grogu (Mayo)<\/a><\/li><li class='ez-toc-page-1 ez-toc-heading-level-3'><a class=\"ez-toc-link ez-toc-heading-6\" href=\"https:\/\/www.lowi.es\/blog\/los-estrenos-mas-esperados-del-ano\/#Supergirl_Woman_of_Tomorrow_Junio\" >Supergirl: Woman of Tomorrow (Junio)<\/a><\/li><li class='ez-toc-page-1 ez-toc-heading-level-3'><a class=\"ez-toc-link ez-toc-heading-7\" href=\"https:\/\/www.lowi.es\/blog\/los-estrenos-mas-esperados-del-ano\/#Spider-Man_4_Julio\" >Spider-Man 4 (Julio)<\/a><\/li><li class='ez-toc-page-1 ez-toc-heading-level-3'><a class=\"ez-toc-link ez-toc-heading-8\" href=\"https:\/\/www.lowi.es\/blog\/los-estrenos-mas-esperados-del-ano\/#Los_juegos_del_Hambre_Amanecer_en_la_cosecha_noviembre\" >Los juegos del Hambre: Amanecer en la cosecha (noviembre)<\/a><\/li><li class='ez-toc-page-1 ez-toc-heading-level-3'><a class=\"ez-toc-link ez-toc-heading-9\" href=\"https:\/\/www.lowi.es\/blog\/los-estrenos-mas-esperados-del-ano\/#Avengers_Doomsday_diciembre\" >Avengers: Doomsday (diciembre)<\/a><\/li><\/ul><\/li><li class='ez-toc-page-1 ez-toc-heading-level-2'><a class=\"ez-toc-link ez-toc-heading-10\" href=\"https:\/\/www.lowi.es\/blog\/los-estrenos-mas-esperados-del-ano\/#Estrenos_2026_del_cine_espanol\" >Estrenos 2026 del cine espa\u00f1ol<\/a><ul class='ez-toc-list-level-3' ><li class='ez-toc-heading-level-3'><a class=\"ez-toc-link ez-toc-heading-11\" href=\"https:\/\/www.lowi.es\/blog\/los-estrenos-mas-esperados-del-ano\/#Torrente_presidente_Marzo\" >Torrente presidente (Marzo)<\/a><\/li><li class='ez-toc-page-1 ez-toc-heading-level-3'><a class=\"ez-toc-link ez-toc-heading-12\" href=\"https:\/\/www.lowi.es\/blog\/los-estrenos-mas-esperados-del-ano\/#Aida_y_Vuelta\" >A\u00edda y Vuelta<\/a><\/li><\/ul><\/li><li class='ez-toc-page-1 ez-toc-heading-level-2'><a class=\"ez-toc-link ez-toc-heading-13\" href=\"https:\/\/www.lowi.es\/blog\/los-estrenos-mas-esperados-del-ano\/#Nuevas_peliculas_en_2026_de_animacion_y_cine_familiar\" >Nuevas pel\u00edculas en 2026 de animaci\u00f3n y cine familiar<\/a><ul class='ez-toc-list-level-3' ><li class='ez-toc-heading-level-3'><a class=\"ez-toc-link ez-toc-heading-14\" href=\"https:\/\/www.lowi.es\/blog\/los-estrenos-mas-esperados-del-ano\/#Super_Mario_Galaxy_Abril\" >Super Mario Galaxy (Abril)<\/a><\/li><li class='ez-toc-page-1 ez-toc-heading-level-3'><a class=\"ez-toc-link ez-toc-heading-15\" href=\"https:\/\/www.lowi.es\/blog\/los-estrenos-mas-esperados-del-ano\/#Toy_Story_5_Junio\" >Toy Story 5 (Junio)<\/a><\/li><li class='ez-toc-page-1 ez-toc-heading-level-3'><a class=\"ez-toc-link ez-toc-heading-16\" href=\"https:\/\/www.lowi.es\/blog\/los-estrenos-mas-esperados-del-ano\/#Shrek_5_Julio\" >Shrek 5 (Julio)<\/a><\/li><li class='ez-toc-page-1 ez-toc-heading-level-3'><a class=\"ez-toc-link ez-toc-heading-17\" href=\"https:\/\/www.lowi.es\/blog\/los-estrenos-mas-esperados-del-ano\/#Vaiana_Live-Action_Julio\" >Vaiana (Live-Action) (Julio)<\/a><\/li><li class='ez-toc-page-1 ez-toc-heading-level-3'><a class=\"ez-toc-link ez-toc-heading-18\" href=\"https:\/\/www.lowi.es\/blog\/los-estrenos-mas-esperados-del-ano\/#Minions_3_Julio\" >Minions 3 (Julio)<\/a><\/li><li class='ez-toc-page-1 ez-toc-heading-level-3'><a class=\"ez-toc-link ez-toc-heading-19\" href=\"https:\/\/www.lowi.es\/blog\/los-estrenos-mas-esperados-del-ano\/#Patrulla_canina_La_Dino_pelicula_agosto\" >Patrulla canina: La Dino pel\u00edcula (agosto)<\/a><\/li><li class='ez-toc-page-1 ez-toc-heading-level-3'><a class=\"ez-toc-link ez-toc-heading-20\" href=\"https:\/\/www.lowi.es\/blog\/los-estrenos-mas-esperados-del-ano\/#Tadeo_Jones_4_agosto\" >Tadeo Jones 4 (agosto)<\/a><\/li><li class='ez-toc-page-1 ez-toc-heading-level-3'><a class=\"ez-toc-link ez-toc-heading-21\" href=\"https:\/\/www.lowi.es\/blog\/los-estrenos-mas-esperados-del-ano\/#Hexed_Noviembre\" >Hexed (Noviembre)<\/a><\/li><li class='ez-toc-page-1 ez-toc-heading-level-3'><a class=\"ez-toc-link ez-toc-heading-22\" href=\"https:\/\/www.lowi.es\/blog\/los-estrenos-mas-esperados-del-ano\/#Jumanji_3_diciembre\" >Jumanji 3 (diciembre)<\/a><\/li><li class='ez-toc-page-1 ez-toc-heading-level-3'><a class=\"ez-toc-link ez-toc-heading-23\" href=\"https:\/\/www.lowi.es\/blog\/los-estrenos-mas-esperados-del-ano\/#The_Angry_Birds_Movie_3_diciembre\" >The Angry Birds Movie 3 (diciembre)<\/a><\/li><\/ul><\/li><li class='ez-toc-page-1 ez-toc-heading-level-2'><a class=\"ez-toc-link ez-toc-heading-24\" href=\"https:\/\/www.lowi.es\/blog\/los-estrenos-mas-esperados-del-ano\/#Estrenos_2026_de_comedia_terror_y_ciencia_ficcion\" >Estrenos 2026 de comedia, terror y ciencia ficci\u00f3n<\/a><ul class='ez-toc-list-level-3' ><li class='ez-toc-heading-level-3'><a class=\"ez-toc-link ez-toc-heading-25\" href=\"https:\/\/www.lowi.es\/blog\/los-estrenos-mas-esperados-del-ano\/#Scary_Movie_6_Junio\" >Scary Movie 6 (Junio)<\/a><\/li><li class='ez-toc-page-1 ez-toc-heading-level-3'><a class=\"ez-toc-link ez-toc-heading-26\" href=\"https:\/\/www.lowi.es\/blog\/los-estrenos-mas-esperados-del-ano\/#El_fantasma_de_la_opera_diciembre\" >El fantasma de la \u00f3pera (diciembre)<\/a><\/li><li class='ez-toc-page-1 ez-toc-heading-level-3'><a class=\"ez-toc-link ez-toc-heading-27\" href=\"https:\/\/www.lowi.es\/blog\/los-estrenos-mas-esperados-del-ano\/#Project_Hail_Mary\" >Project Hail Mary<\/a><\/li><\/ul><\/li><\/ul><\/nav><\/div>\n<h2 class=\"wp-block-heading\"><span class=\"ez-toc-section\" id=\"Calendario_de_estrenos_2026_en_Espana\"><\/span>Calendario de estrenos 2026 en Espa\u00f1a<span class=\"ez-toc-section-end\"><\/span><\/h2>\n\n\n\n<p>La distribuci\u00f3n de los <strong>estrenos de cine en 2026<\/strong> responde a una planificaci\u00f3n estrat\u00e9gica que busca aprovechar los picos de consumo cultural en Espa\u00f1a. La cartelera combinar\u00e1 grandes franquicias internacionales, secuelas muy esperadas y nuevas historias.<\/p>\n\n\n\n<div class=\"scroll-mobile-hint\">\ud83d\udc49 <em>Desliza la tabla hacia los lados para ver m\u00e1s<\/em> \ud83d\udc48<\/div>\n\n<div style=\"overflow-x:auto; width:100%;\">\n\n<table class=\"has-fixed-layout\" style=\"border-collapse: collapse; min-width: 1000px; width: 100%; border: 1px solid #000;\">\n\n  <tbody>\n\n    <tr style=\"background-color:#f7f7f7; font-weight:bold;\">\n      <td style=\"white-space:nowrap; border:1px solid #000;\">Mes 2026<\/td>\n      <td style=\"white-space:nowrap; border:1px solid #000;\">Fecha<\/td>\n      <td style=\"white-space:nowrap; border:1px solid #000;\">Pel\u00edcula<\/td>\n    <\/tr>\n\n    <!-- Enero -->\n    <tr>\n      <td rowspan=\"1\" style=\"border:1px solid #000; vertical-align:top;\"><strong>Enero<\/strong><\/td>\n      <td style=\"border:1px solid #000;\">30 de enero<\/td>\n      <td style=\"border:1px solid #000;\"><a href=\"#aida-y-vuelta\">A\u00edda y vuelta<\/a><\/td>\n    <\/tr>\n\n    <!-- Febrero -->\n    <tr>\n      <td rowspan=\"1\" style=\"border:1px solid #000; vertical-align:top;\"><strong>Febrero<\/strong><\/td>\n      <td style=\"border:1px solid #000;\">13 de febrero<\/td>\n      <td style=\"border:1px solid #000;\"><a href=\"#cumbres-borrascosas\">Cumbres Borrascosas<\/a><\/td>\n    <\/tr>\n\n    <!-- Marzo -->\n    <tr>\n      <td rowspan=\"1\" style=\"border:1px solid #000; vertical-align:top;\"><strong>Marzo<\/strong><\/td>\n      <td style=\"border:1px solid #000;\">13 de marzo<\/td>\n      <td style=\"border:1px solid #000;\"><a href=\"#torrente-presidente\">Torrente Presidente<\/a><\/td>\n    <\/tr>\n\n    <!-- Abril -->\n    <tr>\n      <td rowspan=\"2\" style=\"border:1px solid #000; vertical-align:top;\"><strong>Abril<\/strong><\/td>\n      <td style=\"border:1px solid #000;\">Abril (fecha pendiente)<\/td>\n      <td style=\"border:1px solid #000;\"><a href=\"#super-mario-galaxy\">Super Mario Galaxy<\/a><\/td>\n    <\/tr>\n    <tr>\n      <td style=\"border:1px solid #000;\">30 de abril<\/td>\n      <td style=\"border:1px solid #000;\"><a href=\"#el-diablo-viste-de-prada-2\">El diablo viste de Prada 2<\/a><\/td>\n    <\/tr>\n\n    <!-- Mayo -->\n    <tr>\n      <td rowspan=\"1\" style=\"border:1px solid #000; vertical-align:top;\"><strong>Mayo<\/strong><\/td>\n      <td style=\"border:1px solid #000;\">22 de mayo<\/td>\n      <td style=\"border:1px solid #000;\"><a href=\"#mandalorian-grogu\">Star Wars: The Mandalorian &amp; Grogu<\/a><\/td>\n    <\/tr>\n\n    <!-- Junio -->\n    <tr>\n      <td rowspan=\"3\" style=\"border:1px solid #000; vertical-align:top;\"><strong>Junio<\/strong><\/td>\n      <td style=\"border:1px solid #000;\">12 de junio<\/td>\n      <td style=\"border:1px solid #000;\"><a href=\"#scary-movie-6\">Scary Movie 6<\/a><\/td>\n    <\/tr>\n    <tr>\n      <td style=\"border:1px solid #000;\">19 de junio<\/td>\n      <td style=\"border:1px solid #000;\"><a href=\"#toy-story-5\">Toy Story 5<\/a><\/td>\n    <\/tr>\n    <tr>\n      <td style=\"border:1px solid #000;\">26 de junio<\/td>\n      <td style=\"border:1px solid #000;\"><a href=\"#supergirl-woman-of-tomorrow\">Supergirl: Woman of Tomorrow<\/a><\/td>\n    <\/tr>\n\n    <!-- Julio -->\n    <tr>\n      <td rowspan=\"4\" style=\"border:1px solid #000; vertical-align:top;\"><strong>Julio<\/strong><\/td>\n      <td style=\"border:1px solid #000;\">1 de julio (aprox.)<\/td>\n      <td style=\"border:1px solid #000;\"><a href=\"#shrek-5\">Shrek 5<\/a><\/td>\n    <\/tr>\n    <tr>\n      <td style=\"border:1px solid #000;\">1 de julio<\/td>\n      <td style=\"border:1px solid #000;\"><a href=\"#minions-3\">Minions 3<\/a><\/td>\n    <\/tr>\n    <tr>\n      <td style=\"border:1px solid #000;\">10 de julio<\/td>\n      <td style=\"border:1px solid #000;\"><a href=\"#vaiana\">Vaiana<\/a><\/td>\n    <\/tr>\n    <tr>\n      <td style=\"border:1px solid #000;\">31 de julio<\/td>\n      <td style=\"border:1px solid #000;\"><a href=\"#spider-man-4\">Spider-Man 4<\/a><\/td>\n    <\/tr>\n\n    <!-- Agosto -->\n    <tr>\n      <td rowspan=\"2\" style=\"border:1px solid #000; vertical-align:top;\"><strong>Agosto<\/strong><\/td>\n      <td style=\"border:1px solid #000;\">7 de agosto<\/td>\n      <td style=\"border:1px solid #000;\"><a href=\"#patrulla-canina-dino\">Patrulla Canina: La Dino Pel\u00edcula<\/a><\/td>\n    <\/tr>\n    <tr>\n      <td style=\"border:1px solid #000;\">26 de agosto<\/td>\n      <td style=\"border:1px solid #000;\"><a href=\"#tadeo-jones-4\">Tadeo Jones 4<\/a><\/td>\n    <\/tr>\n\n    <!-- Noviembre -->\n    <tr>\n      <td rowspan=\"2\" style=\"border:1px solid #000; vertical-align:top;\"><strong>Noviembre<\/strong><\/td>\n      <td style=\"border:1px solid #000;\">20 de noviembre<\/td>\n      <td style=\"border:1px solid #000;\"><a href=\"#los-juegos-del-hambre\">Los Juegos del Hambre: Amanecer en la cosecha<\/a><\/td>\n    <\/tr>\n    <tr>\n      <td style=\"border:1px solid #000;\">25 de noviembre<\/td>\n      <td style=\"border:1px solid #000;\"><a href=\"#hexed\">Hexed<\/a><\/td>\n    <\/tr>\n\n    <!-- Diciembre -->\n    <tr>\n      <td rowspan=\"4\" style=\"border:1px solid #000; vertical-align:top;\"><strong>Diciembre<\/strong><\/td>\n      <td style=\"border:1px solid #000;\">4 de diciembre<\/td>\n      <td style=\"border:1px solid #000;\"><a href=\"#fantasma-opera\">El fantasma de la \u00f3pera<\/a><\/td>\n    <\/tr>\n    <tr>\n      <td style=\"border:1px solid #000;\">11 de diciembre<\/td>\n      <td style=\"border:1px solid #000;\"><a href=\"#jumanji-3\">Jumanji 3<\/a><\/td>\n    <\/tr>\n    <tr>\n      <td style=\"border:1px solid #000;\">18 de diciembre<\/td>\n      <td style=\"border:1px solid #000;\"><a href=\"#avengers-doomsday\">Avengers: Doomsday<\/a><\/td>\n    <\/tr>\n    <tr>\n      <td style=\"border:1px solid #000;\">23 de diciembre<\/td>\n      <td style=\"border:1px solid #000;\"><a href=\"#angry-birds-3\">The Angry Birds Movie 3<\/a><\/td>\n    <\/tr>\n\n  <\/tbody>\n\n<\/table>\n<\/div>\n\n\n\n\n\n<div style=\"height:26px\" aria-hidden=\"true\" class=\"wp-block-spacer\"><\/div>\n\n\n\n<p>Aunque no todas las fechas de las <strong>nuevas pel\u00edculas de 2026<\/strong> est\u00e1n definidas, esta tabla resume los hitos m\u00e1s relevantes, facilitando una visi\u00f3n global de la oferta cinematogr\u00e1fica que dominar\u00e1 la conversaci\u00f3n durante todo el a\u00f1o.<\/p>\n\n\n\n<h2 class=\"wp-block-heading\"><span class=\"ez-toc-section\" id=\"Los_grandes_%C2%ABBlockbusters%C2%BB_que_dominaran_la_taquilla\"><\/span>Los grandes \u00abBlockbusters\u00bb que dominar\u00e1n la taquilla<span class=\"ez-toc-section-end\"><\/span><\/h2>\n\n\n\n<p>Entre <strong>los nuevos estrenos de 2026<\/strong> destacan el regreso de grandes sagas de Hollywood: desde las entregas m\u00e1s recientes de Marvel y DC, hasta la expansi\u00f3n del universo Star Wars, pasando por secuelas de franquicias como Los Juegos del Hambre.<\/p>\n\n\n\n<p>Si adem\u00e1s quieres estar al d\u00eda de d\u00f3nde ver estas pel\u00edculas y series despu\u00e9s de su paso por cines, consulta<strong> nuestra gu\u00eda sobre las <\/strong><a href=\"https:\/\/www.lowi.es\/blog\/mejores-plataformas-streaming\/\"><strong>mejores plataformas de streaming<\/strong><\/a><strong> <\/strong>para seguir los grandes estrenos<\/p>\n\n\n\n<p>Amazon Prime <strong>se ha convertido en un hub excelente que integra m\u00faltiples plataformas <\/strong>como HBO Max, SkyShowtime y Apple TV,<strong> adem\u00e1s de ofrecer acceso a una tienda con un cat\u00e1logo muy potente<\/strong> de contenido on-demand.<\/p>\n\n\n\n<h3 class=\"wp-block-heading\" id=\"cumbres-borrascosas\"><span class=\"ez-toc-section\" id=\"Cumbres_Borrascosas_Febrero\"><\/span>Cumbres Borrascosas (Febrero)<span class=\"ez-toc-section-end\"><\/span><\/h3>\n\n\n\n<ul class=\"wp-block-list\">\n<li><strong>T\u00edtulo original: <\/strong>Wuthering Heights.<\/li>\n\n\n\n<li><strong>A\u00f1o: <\/strong>2026 (13 de febrero en Espa\u00f1a).<\/li>\n\n\n\n<li><strong>Duraci\u00f3n:<\/strong> 135 minutos.<\/li>\n\n\n\n<li><strong>Direcci\u00f3n:<\/strong> Emerald Fennell.<\/li>\n\n\n\n<li><strong>Pa\u00eds:<\/strong> Reino Unido \/ Estados Unidos.<\/li>\n<\/ul>\n\n\n\n<p>La nueva adaptaci\u00f3n de la obra inmortal de Emily Bront\u00eb se presenta como<strong> el primer gran evento cinematogr\u00e1fico <\/strong>del a\u00f1o. De hecho, la elecci\u00f3n de Margot Robbie y Jacob Elordi para encarnar a Catherine y Heathcliff ya garantiza un atractivo comercial innegable.<\/p>\n\n\n\n<p>Bajo la direcci\u00f3n de Emerald Fennell, quien estuvo detr\u00e1s de las c\u00e1maras en \u00abSaltburn\u00bb, <strong>esta versi\u00f3n de \u00abCumbres Borrascosas\u00bb promete alejarse del romanticismo edulcorado<\/strong> para centrarse en la toxicidad, la venganza y la crudeza de los p\u00e1ramos de Yorkshire.<\/p>\n\n\n\n<p>Con este reparto de lujo y la visi\u00f3n de Fennell, muchos analistas ya apuntan a que esta adaptaci\u00f3n podr\u00eda convertirse en una seria candidata durante la temporada de premios. Si te interesan las producciones con aspiraciones a los galardones m\u00e1s prestigiosos, te invitamos a conocer <a href=\"https:\/\/www.lowi.es\/blog\/donde-ver-peliculas-oscar\/\">d\u00f3nde ver pel\u00edculas nominadas al \u00d3scar<\/a>.<\/p>\n\n\n\n<figure class=\"wp-block-embed is-type-video is-provider-youtube wp-block-embed-youtube wp-embed-aspect-16-9 wp-has-aspect-ratio\"><div class=\"wp-block-embed__wrapper\">\n<iframe loading=\"lazy\" title=\"&quot;Cumbres Borrascosas&quot; | Tr\u00e1iler Oficial\" width=\"1200\" height=\"675\" src=\"https:\/\/www.youtube.com\/embed\/RNynG8dMp5w?feature=oembed\" frameborder=\"0\" allow=\"accelerometer; autoplay; clipboard-write; encrypted-media; gyroscope; picture-in-picture; web-share\" referrerpolicy=\"strict-origin-when-cross-origin\" allowfullscreen><\/iframe>\n<\/div><\/figure>\n\n\n\n<div style=\"height:17px\" aria-hidden=\"true\" class=\"wp-block-spacer\"><\/div>\n\n\n\n<h3 class=\"wp-block-heading\" id=\"el-diablo-viste-de-prada-2\"><span class=\"ez-toc-section\" id=\"El_diablo_viste_de_Prada_2_abril\"><\/span>El diablo viste de Prada 2 (abril)<span class=\"ez-toc-section-end\"><\/span><\/h3>\n\n\n\n<ul class=\"wp-block-list\">\n<li><strong>T\u00edtulo original: <\/strong>The Devil Wears Prada 2.<\/li>\n\n\n\n<li><strong>A\u00f1o: <\/strong>2026 (30 de abril en Espa\u00f1a).<\/li>\n\n\n\n<li><strong>Duraci\u00f3n:<\/strong> 118 minutos.<\/li>\n\n\n\n<li><strong>Direcci\u00f3n:<\/strong> David Frankel.<\/li>\n\n\n\n<li><strong>Pa\u00eds: <\/strong>Estados Unidos.<\/li>\n<\/ul>\n\n\n\n<p>Tras dos d\u00e9cadas desde que <strong>la pel\u00edcula original se convirtiera en un referente de la cultura <\/strong><strong><em>fashion<\/em><\/strong>, Miranda Priestly (Meryl Streep) regresa en un contexto medi\u00e1tico radicalmente diferente, pero con su afilado sarcasmo y sentido de la moda intactos.<\/p>\n\n\n\n<p>Esta esperada secuela nos traslada <strong>al cambiante mundo de la moda en la era digital<\/strong>, donde viejas rivalidades resurgen y surgen nuevos desaf\u00edos profesionales. Adem\u00e1s de Streep, Anne Hathaway, Emily Blunt y el elenco original retoman sus papeles ic\u00f3nicos.<\/p>\n\n\n\n<h3 class=\"wp-block-heading\" id=\"mandalorian-grogu\"><span class=\"ez-toc-section\" id=\"Star_Wars_The_Mandalorian_Grogu_Mayo\"><\/span>Star Wars: The Mandalorian &amp; Grogu (Mayo)<span class=\"ez-toc-section-end\"><\/span><\/h3>\n\n\n\n<ul class=\"wp-block-list\">\n<li><strong>T\u00edtulo original: <\/strong>Star Wars: The Mandalorian and Grogu.<\/li>\n\n\n\n<li><strong>A\u00f1o: <\/strong>2026 (22 de mayo en Espa\u00f1a).<\/li>\n\n\n\n<li><strong>Duraci\u00f3n: <\/strong>124 minutos.<\/li>\n\n\n\n<li><strong>Direcci\u00f3n:<\/strong> Jon Favreau.<\/li>\n\n\n\n<li><strong>Pa\u00eds: <\/strong>Estados Unidos.<\/li>\n<\/ul>\n\n\n\n<p>Aunque el cari\u00f1o por aquella galaxia muy, muy lejana ha mermado mucho en los a\u00f1os recientes, <strong>el universo Star Wars se expande con esta nueva pel\u00edcula<\/strong> ambientada tras los eventos de la serie de Disney+ \u00abThe Mandalorian\u00bb.<\/p>\n\n\n\n<p>En esta&nbsp; cinta,<strong> el legendario cazarrecompensas Din Djarin (Pedro Pascal) y el joven Grogu emprenden su primera aventura cinematogr\u00e1fica<\/strong>, explorando nuevas regiones de la galaxia y enfrentando amenazas emergentes.<\/p>\n\n\n\n<figure class=\"wp-block-embed is-type-video is-provider-youtube wp-block-embed-youtube wp-embed-aspect-16-9 wp-has-aspect-ratio\"><div class=\"wp-block-embed__wrapper\">\n<iframe loading=\"lazy\" title=\"The Mandalorian and Grogu | Tr\u00e1iler Oficial en Castellano | HD\" width=\"1200\" height=\"675\" src=\"https:\/\/www.youtube.com\/embed\/VDEGdPTUP70?feature=oembed\" frameborder=\"0\" allow=\"accelerometer; autoplay; clipboard-write; encrypted-media; gyroscope; picture-in-picture; web-share\" referrerpolicy=\"strict-origin-when-cross-origin\" allowfullscreen><\/iframe>\n<\/div><\/figure>\n\n\n\n<div style=\"height:17px\" aria-hidden=\"true\" class=\"wp-block-spacer\"><\/div>\n\n\n\n<h3 class=\"wp-block-heading\" id=\"supergirl-woman-of-tomorrow\"><span class=\"ez-toc-section\" id=\"Supergirl_Woman_of_Tomorrow_Junio\"><\/span>Supergirl: Woman of Tomorrow (Junio)<span class=\"ez-toc-section-end\"><\/span><\/h3>\n\n\n\n<ul class=\"wp-block-list\">\n<li><strong>T\u00edtulo original:<\/strong> Supergirl: Woman of Tomorrow.<\/li>\n\n\n\n<li><strong>A\u00f1o: <\/strong>2026 (26 de junio en Espa\u00f1a).<\/li>\n\n\n\n<li><strong>Duraci\u00f3n: <\/strong>132 minutos.<\/li>\n\n\n\n<li><strong>Direcci\u00f3n: <\/strong>Craig Gillespie.<\/li>\n\n\n\n<li><strong>Pa\u00eds: <\/strong>Estados Unidos.<\/li>\n<\/ul>\n\n\n\n<p>En el nuevo universo DC orquestado por James Gunn, \u00abSupergirl: Woman of Tomorrow\u00bb continua poco despu\u00e9s de los eventos de la m\u00e1s reciente entrega de Superman y promete ofrecer <strong>un filme que se aleja de los tropos del g\u00e9nero de superh\u00e9roes.<\/strong><\/p>\n\n\n\n<p>Basada en el aclamado c\u00f3mic hom\u00f3nimo de Tom King, <strong>esta pel\u00edcula nos mostrar\u00e1 a Kara Zor-El <\/strong>(Milly Alcock) en un viaje a trav\u00e9s de las estrellas donde tendr\u00e1 que enfrentar tanto desaf\u00edos c\u00f3smicos como sus propios demonios internos.&nbsp;<\/p>\n\n\n\n<h3 class=\"wp-block-heading\" id=\"spider-man-4\"><span class=\"ez-toc-section\" id=\"Spider-Man_4_Julio\"><\/span>Spider-Man 4 (Julio)<span class=\"ez-toc-section-end\"><\/span><\/h3>\n\n\n\n<ul class=\"wp-block-list\">\n<li><strong>T\u00edtulo original:<\/strong> Spider-Man: Brand New Day (Spider-Man 4).<\/li>\n\n\n\n<li><strong>A\u00f1o: <\/strong>2026 (31 de julio en Espa\u00f1a).<\/li>\n\n\n\n<li><strong>Duraci\u00f3n: <\/strong>145 minutos.<\/li>\n\n\n\n<li><strong>Direcci\u00f3n:<\/strong> Destin Daniel Cretton.<\/li>\n\n\n\n<li><strong>Pa\u00eds: <\/strong>Estados Unidos.<\/li>\n<\/ul>\n\n\n\n<p>Tom Holland regresa como el trepamuros m\u00e1s famoso del mundo en <strong>una entrega que marca un nuevo comienzo para el personaje <\/strong>dentro del Universo Cinematogr\u00e1fico de Marvel.&nbsp;<\/p>\n\n\n\n<p>Se especula que la trama \u00abBrand New Day\u00bb (t\u00edtulo original), <strong>se abordar\u00e1 c\u00f3mo Peter lidia con las consecuencias del conjuro que hizo olvidar su identidad al mundo<\/strong>, introduciendo posiblemente a nuevos aliados y villanos.<\/p>\n\n\n\n<h3 class=\"wp-block-heading\" id=\"los-juegos-del-hambre\"><span class=\"ez-toc-section\" id=\"Los_juegos_del_Hambre_Amanecer_en_la_cosecha_noviembre\"><\/span>Los juegos del Hambre: Amanecer en la cosecha (noviembre)<span class=\"ez-toc-section-end\"><\/span><\/h3>\n\n\n\n<ul class=\"wp-block-list\">\n<li><strong>T\u00edtulo original: <\/strong>The Hunger Games: Sunrise on the Reaping.<\/li>\n\n\n\n<li><strong>A\u00f1o:<\/strong> 2026 (20 de noviembre en Espa\u00f1a).<\/li>\n\n\n\n<li><strong>Duraci\u00f3n: <\/strong>142 minutos.<\/li>\n\n\n\n<li><strong>Direcci\u00f3n: <\/strong>Francis Lawrence.<\/li>\n\n\n\n<li><strong>Pa\u00eds:<\/strong> Estados Unidos.<\/li>\n<\/ul>\n\n\n\n<p>Ambientada 24 a\u00f1os antes de la historia de Katniss Everdeen, <strong>esta pel\u00edcula se centra en los 50\u00ba Juegos del Hambre <\/strong>(el segundo Vasallaje de los Veinticinco), en los que un joven Haymitch Abernathy result\u00f3 vencedor.<\/p>\n\n\n\n<p>En esta precuela de \u00abLos Juegos del Hambre\u00bb, <strong>veremos a un Capitolio m\u00e1s primitivo y unos Distritos a\u00fan sumidos en la represi\u00f3n tras la guerra<\/strong>. Una vez m\u00e1s, Francis Lawrence (director de la saga original y la precuela anterior) regresa tras la c\u00e1mara.<\/p>\n\n\n\n<h3 class=\"wp-block-heading\" id=\"avengers-doomsday\"><span class=\"ez-toc-section\" id=\"Avengers_Doomsday_diciembre\"><\/span>Avengers: Doomsday (diciembre)<span class=\"ez-toc-section-end\"><\/span><\/h3>\n\n\n\n<ul class=\"wp-block-list\">\n<li>T\u00edtulo original: Avengers: Doomsday.<\/li>\n\n\n\n<li>A\u00f1o: 2026 (18 de diciembre en Espa\u00f1a).<\/li>\n\n\n\n<li>Duraci\u00f3n: 165 minutos.<\/li>\n\n\n\n<li>Direcci\u00f3n: Anthony y Joe Russo.<\/li>\n\n\n\n<li>Pa\u00eds: Estados Unidos.<\/li>\n<\/ul>\n\n\n\n<p>El a\u00f1o cinematogr\u00e1fico culmina con el evento m\u00e1s masivo de la d\u00e9cada. <strong>La gran apuesta de Marvel Studios para el final de 2026<\/strong> es la nueva reuni\u00f3n de Los Vengadores.<\/p>\n\n\n\n<p>\u00abAvengers: Doomsday\u00bb <strong>marcar\u00e1 el regreso de los h\u00e9roes m\u00e1s poderosos de la Tierra<\/strong> enfrent\u00e1ndose a Doctor Doom (el Doctor Muerte), interpretado sorprendentemente por Robert Downey Jr.<\/p>\n\n\n\n<figure class=\"wp-block-embed is-type-video is-provider-youtube wp-block-embed-youtube wp-embed-aspect-16-9 wp-has-aspect-ratio\"><div class=\"wp-block-embed__wrapper\">\n<iframe loading=\"lazy\" title=\"Vengadores: Doomsday | 18 de diciembre de 2026 solo en cines | HD\" width=\"1200\" height=\"675\" src=\"https:\/\/www.youtube.com\/embed\/CijeC0RTpbA?feature=oembed\" frameborder=\"0\" allow=\"accelerometer; autoplay; clipboard-write; encrypted-media; gyroscope; picture-in-picture; web-share\" referrerpolicy=\"strict-origin-when-cross-origin\" allowfullscreen><\/iframe>\n<\/div><\/figure>\n\n\n\n<div style=\"height:17px\" aria-hidden=\"true\" class=\"wp-block-spacer\"><\/div>\n\n\n\n<h2 class=\"wp-block-heading\"><span class=\"ez-toc-section\" id=\"Estrenos_2026_del_cine_espanol\"><\/span>Estrenos 2026 del cine espa\u00f1ol<span class=\"ez-toc-section-end\"><\/span><\/h2>\n\n\n\n<p>El cine espa\u00f1ol tambi\u00e9n traer\u00e1 <strong>estrenos de alto perfil en 2026<\/strong>, con regresos muy comentados y apuestas por la comedia. Estas pel\u00edculas prometen llenar la cartelera de humor y sabor local.<\/p>\n\n\n\n<h3 class=\"wp-block-heading\" id=\"torrente-presidente\"><span class=\"ez-toc-section\" id=\"Torrente_presidente_Marzo\"><\/span>Torrente presidente (Marzo)<span class=\"ez-toc-section-end\"><\/span><\/h3>\n\n\n\n<ul class=\"wp-block-list\">\n<li><strong>T\u00edtulo original: <\/strong>Torrente presidente.<\/li>\n\n\n\n<li><strong>A\u00f1o: <\/strong>2026 (13 de marzo en Espa\u00f1a).<\/li>\n\n\n\n<li><strong>Duraci\u00f3n: <\/strong>105 minutos.<\/li>\n\n\n\n<li><strong>Direcci\u00f3n:<\/strong> Santiago Segura.<\/li>\n\n\n\n<li><strong>Pa\u00eds:<\/strong> Espa\u00f1a.<\/li>\n<\/ul>\n\n\n\n<p>Santiago Segura recupera a su personaje m\u00e1s ic\u00f3nico despu\u00e9s de m\u00e1s de una d\u00e9cada de ausencia. \u00a1Torrente ha vuelto! <strong>La m\u00edtica saga de humor ca\u00f1\u00ed regresa con su sexta entrega<\/strong>, nueve a\u00f1os despu\u00e9s de la \u00faltima pel\u00edcula.<\/p>\n\n\n\n<p>En \u00abTorrente Presidente\u00bb<strong>, el desastroso expolic\u00eda Jos\u00e9 Luis Torrente<\/strong> (Santiago Segura) <strong>aprovecha el caos pol\u00edtico para intentar llegar a lo m\u00e1s alto del poder en Espa\u00f1a<\/strong>. La pel\u00edcula utiliza la parodia para diseccionar el clima pol\u00edtico actual, las redes sociales y la cultura de la cancelaci\u00f3n.<\/p>\n\n\n\n<h3 class=\"wp-block-heading\" id=\"aida-y-vuelta\"><span class=\"ez-toc-section\" id=\"Aida_y_Vuelta\"><\/span>A\u00edda y Vuelta<span class=\"ez-toc-section-end\"><\/span><\/h3>\n\n\n\n<ul class=\"wp-block-list\">\n<li><strong>T\u00edtulo original:<\/strong> A\u00edda y vuelta.<\/li>\n\n\n\n<li><strong>A\u00f1o: <\/strong>2026 (30 de enero en Espa\u00f1a).<\/li>\n\n\n\n<li><strong>Duraci\u00f3n: <\/strong>90 minutos.<\/li>\n\n\n\n<li><strong>Direcci\u00f3n:<\/strong> Paco Le\u00f3n.<\/li>\n\n\n\n<li><strong>Pa\u00eds: <\/strong>Espa\u00f1a.<\/li>\n<\/ul>\n\n\n\n<p>La m\u00edtica serie de televisi\u00f3n <strong>\u00abA\u00edda\u00bb regresa diez a\u00f1os despu\u00e9s de su final<\/strong>, pero esta vez en formato largometraje y bajo la direcci\u00f3n de Paco Le\u00f3n.&nbsp;<\/p>\n\n\n\n<p>\u00abA\u00edda y Vuelta\u00bb no es una simple continuaci\u00f3n, sino <strong>un proyecto con tintes de metaficci\u00f3n que explora el reencuentro de los actores y los personajes<\/strong> en el barrio de Esperanza Sur.<\/p>\n\n\n\n<figure class=\"wp-block-embed is-type-video is-provider-youtube wp-block-embed-youtube wp-embed-aspect-16-9 wp-has-aspect-ratio\"><div class=\"wp-block-embed__wrapper\">\n<iframe loading=\"lazy\" title=\"Aida Y Vuelta | Tr\u00e1iler Oficial HD. En cines 30 de enero.\" width=\"1200\" height=\"675\" src=\"https:\/\/www.youtube.com\/embed\/O82ibLC4bmM?feature=oembed\" frameborder=\"0\" allow=\"accelerometer; autoplay; clipboard-write; encrypted-media; gyroscope; picture-in-picture; web-share\" referrerpolicy=\"strict-origin-when-cross-origin\" allowfullscreen><\/iframe>\n<\/div><\/figure>\n\n\n\n<div style=\"height:17px\" aria-hidden=\"true\" class=\"wp-block-spacer\"><\/div>\n\n\n\n<h2 class=\"wp-block-heading\"><span class=\"ez-toc-section\" id=\"Nuevas_peliculas_en_2026_de_animacion_y_cine_familiar\"><\/span>Nuevas pel\u00edculas en 2026 de animaci\u00f3n y cine familiar<span class=\"ez-toc-section-end\"><\/span><\/h2>\n\n\n\n<p>Si buscas <strong>tr\u00e1ilers de los estrenos de 2026 para toda la familia<\/strong>, no puedes dejar de estar pendiente de estas pel\u00edculas.&nbsp;<\/p>\n\n\n\n<p>Este a\u00f1o se caracteriza por u<strong>na competencia feroz entre las secuelas de franquicias legendarias<\/strong> como Toy Story y Shrek, y la expansi\u00f3n de universos nacidos en el mundo de los videojuegos.<\/p>\n\n\n\n<p>Y si est\u00e1s de humor para otro tipo de pel\u00edculas familiares y te apasiona el cine deportivo, no te pierdas nuestro repaso a las <a href=\"https:\/\/www.lowi.es\/blog\/mejores-peliculas-de-futbol\/\">mejores pel\u00edculas de f\u00fatbol<\/a> que puedes ver mientras llegan estos estrenos de los que te hablaremos a continuaci\u00f3n.<\/p>\n\n\n\n<h3 class=\"wp-block-heading\" id=\"super-mario-galaxy\"><span class=\"ez-toc-section\" id=\"Super_Mario_Galaxy_Abril\"><\/span>Super Mario Galaxy (Abril)<span class=\"ez-toc-section-end\"><\/span><\/h3>\n\n\n\n<ul class=\"wp-block-list\">\n<li><strong>T\u00edtulo original: <\/strong>The Super Mario Galaxy Movie.<\/li>\n\n\n\n<li><strong>A\u00f1o: <\/strong>2026 (1 de abril en Espa\u00f1a).<\/li>\n\n\n\n<li><strong>Duraci\u00f3n: <\/strong>98 minutos.<\/li>\n\n\n\n<li><strong>Direcci\u00f3n: <\/strong>Aaron Horvath y Michael Jelenic.<\/li>\n\n\n\n<li><strong>Pa\u00eds:<\/strong> Estados Unidos (coproducci\u00f3n EE.UU.-Francia-Jap\u00f3n).<br><\/li>\n<\/ul>\n\n\n\n<p>Tras el \u00e9xito arrollador de la primera incursi\u00f3n de Mario en la pantalla grande, Nintendo e Illumination <strong>llevan a los famos\u00edsimos hermanos plomeros al espacio exterior <\/strong>con una secuela inspirada en la saga de videojuegos de Wii, Mario Galaxy.<\/p>\n\n\n\n<p>En \u00abSuper Mario Galaxy: La pel\u00edcula\u00bb, Mario, Luigi y la princesa Peach explorar\u00e1n planetas extraordinarios y enfrentar\u00e1n a nuevos enemigos en los confines del universo. Aunque no tiene una fecha concreta a\u00fan,<strong> el estreno en Espa\u00f1a est\u00e1 previsto para abril de 2026<\/strong> (probablemente el d\u00eda 1, coincidiendo con Semana Santa).&nbsp;<\/p>\n\n\n\n<figure class=\"wp-block-embed is-type-video is-provider-youtube wp-block-embed-youtube wp-embed-aspect-16-9 wp-has-aspect-ratio\"><div class=\"wp-block-embed__wrapper\">\n<iframe loading=\"lazy\" title=\"SUPER MARIO GALAXY LA PEL\u00cdCULA - Tr\u00e1iler Oficial\" width=\"1200\" height=\"675\" src=\"https:\/\/www.youtube.com\/embed\/Hz57G2KaAp8?feature=oembed\" frameborder=\"0\" allow=\"accelerometer; autoplay; clipboard-write; encrypted-media; gyroscope; picture-in-picture; web-share\" referrerpolicy=\"strict-origin-when-cross-origin\" allowfullscreen><\/iframe>\n<\/div><\/figure>\n\n\n\n<div style=\"height:18px\" aria-hidden=\"true\" class=\"wp-block-spacer\"><\/div>\n\n\n\n<h3 class=\"wp-block-heading\" id=\"toy-story-5\"><span class=\"ez-toc-section\" id=\"Toy_Story_5_Junio\"><\/span>Toy Story 5 (Junio)<span class=\"ez-toc-section-end\"><\/span><\/h3>\n\n\n\n<ul class=\"wp-block-list\">\n<li><strong>T\u00edtulo original:<\/strong> Toy Story 5.<\/li>\n\n\n\n<li><strong>A\u00f1o:<\/strong> 2026 (19 de junio en Espa\u00f1a).<\/li>\n\n\n\n<li><strong>Duraci\u00f3n: <\/strong>90 minutos.<\/li>\n\n\n\n<li><strong>Direcci\u00f3n: <\/strong>Andrew Stanton.<\/li>\n\n\n\n<li><strong>Pa\u00eds: <\/strong>Estados Unidos.<\/li>\n<\/ul>\n\n\n\n<p>Pixar retoma su saga fundacional con \u00abToy Story 5\u00bb. En esta entrega de la saga, <strong>Woody, Buzz Lightyear, Jessie y el resto de la pandilla<\/strong> enfrentan quiz\u00e1s su reto m\u00e1s curioso&#8230; \u00a1la irrupci\u00f3n de la tecnolog\u00eda en el mundo infantil!&nbsp;<\/p>\n\n\n\n<p>As\u00ed es, la pel\u00edcula explorar\u00e1 <strong>el choque entre el juego tradicional y los modernos dispositivos electr\u00f3nicos<\/strong>, planteando si los juguetes cl\u00e1sicos a\u00fan tienen un lugar en el coraz\u00f3n de los ni\u00f1os de hoy.<\/p>\n\n\n\n<h3 class=\"wp-block-heading\" id=\"shrek-5\"><span class=\"ez-toc-section\" id=\"Shrek_5_Julio\"><\/span>Shrek 5 (Julio)<span class=\"ez-toc-section-end\"><\/span><\/h3>\n\n\n\n<ul class=\"wp-block-list\">\n<li><strong>T\u00edtulo original:<\/strong> Shrek 5.<\/li>\n\n\n\n<li><strong>A\u00f1o:<\/strong> 2026 (1 de julio en Espa\u00f1a).<\/li>\n\n\n\n<li><strong>Duraci\u00f3n<\/strong>: 95 minutos.<\/li>\n\n\n\n<li><strong>Direcci\u00f3n: <\/strong>Walt Dohrn.<\/li>\n\n\n\n<li><strong>Pa\u00eds:<\/strong> Estados Unidos.<\/li>\n<\/ul>\n\n\n\n<p>La trama de Shrek 5<strong> explora la madurez de Shrek y Fiona como padres de tres adolescentes que desaf\u00edan su autoridad<\/strong> y buscan su propia identidad en el Reino de Muy Muy Lejano.<\/p>\n\n\n\n<p>Este estreno <strong>podr\u00eda ser uno de los grandes \u00e9xitos animados de 2026<\/strong> dado el enorme cari\u00f1o que el p\u00fablico guarda a Shrek y compa\u00f1\u00eda. Es uno de los regresos m\u00e1s esperados por la generaci\u00f3n que creci\u00f3 con la primera entrega a principios de los 2000.<\/p>\n\n\n\n<h3 class=\"wp-block-heading\" id=\"vaiana\"><span class=\"ez-toc-section\" id=\"Vaiana_Live-Action_Julio\"><\/span>Vaiana (Live-Action) (Julio)<span class=\"ez-toc-section-end\"><\/span><\/h3>\n\n\n\n<ul class=\"wp-block-list\">\n<li><strong>T\u00edtulo original:<\/strong> Moana (remake acci\u00f3n real).<\/li>\n\n\n\n<li><strong>A\u00f1o: <\/strong>2026 (10 de julio en Espa\u00f1a).<\/li>\n\n\n\n<li><strong>Duraci\u00f3n:<\/strong> 120 minutos.<\/li>\n\n\n\n<li><strong>Direcci\u00f3n: <\/strong>Thomas Kail.<\/li>\n\n\n\n<li><strong>Pa\u00eds: <\/strong>Estados Unidos.<\/li>\n<\/ul>\n\n\n\n<p>Aunque no siempre tienen el \u00e9xito esperado, <strong>Disney contin\u00faa su apuesta por adaptar cl\u00e1sicos animados a la imagen real<\/strong> con \u00abVaiana\u00bb (conocida internacionalmente como Moana).<\/p>\n\n\n\n<p>En esta versi\u00f3n con actores de carne y hueso (y muchos efectos visuales a su alrededor), <strong>regresa Dwayne \u00abLa Roca\u00bb Johnson como el heroico semidi\u00f3s Maui<\/strong>, retomando el papel que \u00e9l mismo dobl\u00f3 en la pel\u00edcula de 2016.&nbsp;<\/p>\n\n\n\n<figure class=\"wp-block-embed is-type-video is-provider-youtube wp-block-embed-youtube wp-embed-aspect-16-9 wp-has-aspect-ratio\"><div class=\"wp-block-embed__wrapper\">\n<iframe loading=\"lazy\" title=\"Vaiana | Teaser Tr\u00e1iler en castellano | HD\" width=\"1200\" height=\"675\" src=\"https:\/\/www.youtube.com\/embed\/sdTJ7nTFvLc?feature=oembed\" frameborder=\"0\" allow=\"accelerometer; autoplay; clipboard-write; encrypted-media; gyroscope; picture-in-picture; web-share\" referrerpolicy=\"strict-origin-when-cross-origin\" allowfullscreen><\/iframe>\n<\/div><\/figure>\n\n\n\n<div style=\"height:17px\" aria-hidden=\"true\" class=\"wp-block-spacer\"><\/div>\n\n\n\n<h3 class=\"wp-block-heading\" id=\"minions-3\"><span class=\"ez-toc-section\" id=\"Minions_3_Julio\"><\/span>Minions 3 (Julio)<span class=\"ez-toc-section-end\"><\/span><\/h3>\n\n\n\n<ul class=\"wp-block-list\">\n<li><strong>T\u00edtulo original:<\/strong> Minions 3 (t\u00edtulo provisional: Mega Minions).<\/li>\n\n\n\n<li><strong>A\u00f1o: <\/strong>2026 (1 de julio en Espa\u00f1a).<\/li>\n\n\n\n<li><strong>Duraci\u00f3n: <\/strong>92 minutos.<\/li>\n\n\n\n<li><strong>Direcci\u00f3n: <\/strong>Pierre Coffin.<\/li>\n\n\n\n<li><strong>Pa\u00eds:<\/strong> Estados Unidos.<br><\/li>\n<\/ul>\n\n\n\n<p>En Minions 3, <strong>los atolondrados y parlanchines secuaces amarillos de Gru se enfrentan a un nuevo villano<\/strong> que pondr\u00e1 a prueba su lealtad y su capacidad para generar el caos m\u00e1s divertido.<\/p>\n\n\n\n<p>Esta pel\u00edcula de Illumination es <strong>una alternativa segura para los espectadores espa\u00f1oles durante las vacaciones escolares<\/strong>, garantizando risas para los ni\u00f1os y momentos de humor absurdo para los adultos que han ca\u00eddo rendidos al encanto de estos personajes.&nbsp;<\/p>\n\n\n\n<h3 class=\"wp-block-heading\" id=\"patrulla-canina-dino\"><span class=\"ez-toc-section\" id=\"Patrulla_canina_La_Dino_pelicula_agosto\"><\/span>Patrulla canina: La Dino pel\u00edcula (agosto)<span class=\"ez-toc-section-end\"><\/span><\/h3>\n\n\n\n<ul class=\"wp-block-list\">\n<li><strong>T\u00edtulo original: <\/strong>PAW Patrol: The Dino Movie.<\/li>\n\n\n\n<li><strong>A\u00f1o: <\/strong>2026 (7 de agosto en Espa\u00f1a).<\/li>\n\n\n\n<li><strong>Duraci\u00f3n: <\/strong>85 minutos.<\/li>\n\n\n\n<li><strong>Direcci\u00f3n:<\/strong> Cal Brunker.<\/li>\n\n\n\n<li><strong>Pa\u00eds: <\/strong>Estados Unidos \/ Canad\u00e1.<\/li>\n<\/ul>\n\n\n\n<p>En \u00abPatrulla Canina: La Dino Pel\u00edcula\u00bb, <strong>los valientes perritos de Adventure Bay naufragan en una misteriosa isla poblada de dinosaurios<\/strong>. All\u00ed conocer\u00e1n a Rex, un cachorro experto en dinos que qued\u00f3 varado.<\/p>\n\n\n\n<p>Esta secuela de \u00abLa S\u00faper Pel\u00edcula\u00bb (2023), <strong>promete a\u00fan m\u00e1s acci\u00f3n y emoci\u00f3n para el p\u00fablico preescolar<\/strong>, combinando el encanto perruno con la fascinaci\u00f3n por los dinosaurios.&nbsp;<\/p>\n\n\n\n<h3 class=\"wp-block-heading\" id=\"tadeo-jones-4\"><span class=\"ez-toc-section\" id=\"Tadeo_Jones_4_agosto\"><\/span>Tadeo Jones 4 (agosto)<span class=\"ez-toc-section-end\"><\/span><\/h3>\n\n\n\n<ul class=\"wp-block-list\">\n<li><strong>T\u00edtulo original: <\/strong>Tadeo Jones 4: y la l\u00e1mpara maravillosa (t\u00edtulo no oficial).<\/li>\n\n\n\n<li><strong>A\u00f1o: <\/strong>2026 (26 de agosto en Espa\u00f1a).<\/li>\n\n\n\n<li><strong>Duraci\u00f3n:<\/strong> 90 minutos.<\/li>\n\n\n\n<li><strong>Direcci\u00f3n: <\/strong>Enrique Gato (pendiente de confirmaci\u00f3n).<\/li>\n\n\n\n<li><strong>Pa\u00eds: <\/strong>Espa\u00f1a.<\/li>\n<\/ul>\n\n\n\n<p><strong>La saga de animaci\u00f3n m\u00e1s exitosa de la historia de Espa\u00f1a<\/strong> volver\u00e1 por cuarta vez para deleite de los ni\u00f1os (y muchos adultos fans de la saga).<\/p>\n\n\n\n<p>Tras \u00abTadeo Jones 3: La Tabla Esmeralda\u00bb (2022),<strong> Tadeo se ve envuelto en una traves\u00eda que incluye viajes en el tiempo<\/strong>, lo que permite a la producci\u00f3n explorar diferentes \u00e9pocas hist\u00f3ricas con un rigor visual sorprendente.&nbsp;<\/p>\n\n\n\n<figure class=\"wp-block-embed is-type-video is-provider-youtube wp-block-embed-youtube wp-embed-aspect-16-9 wp-has-aspect-ratio\"><div class=\"wp-block-embed__wrapper\">\n<iframe loading=\"lazy\" title=\"Tadeo Jones y la l\u00e1mpara maravillosa I Tr\u00e1iler espa\u00f1ol I Paramount Pictures Spain\" width=\"1200\" height=\"675\" src=\"https:\/\/www.youtube.com\/embed\/RuQCjbVTXGM?feature=oembed\" frameborder=\"0\" allow=\"accelerometer; autoplay; clipboard-write; encrypted-media; gyroscope; picture-in-picture; web-share\" referrerpolicy=\"strict-origin-when-cross-origin\" allowfullscreen><\/iframe>\n<\/div><\/figure>\n\n\n\n<div style=\"height:17px\" aria-hidden=\"true\" class=\"wp-block-spacer\"><\/div>\n\n\n\n<h3 class=\"wp-block-heading\" id=\"hexed\"><span class=\"ez-toc-section\" id=\"Hexed_Noviembre\"><\/span>Hexed (Noviembre)<span class=\"ez-toc-section-end\"><\/span><\/h3>\n\n\n\n<ul class=\"wp-block-list\">\n<li><strong>T\u00edtulo original: <\/strong>Hexed.<\/li>\n\n\n\n<li><strong>A\u00f1o:<\/strong> 2026 (25 de noviembre en Espa\u00f1a).<\/li>\n\n\n\n<li><strong>Duraci\u00f3n: <\/strong>102 minutos.<\/li>\n\n\n\n<li><strong>Direcci\u00f3n:<\/strong> Josie Trinidad y Jason Hand.<\/li>\n\n\n\n<li><strong>Pa\u00eds:<\/strong> Estados Unidos.<\/li>\n<\/ul>\n\n\n\n<p>Disney Animation presenta una propuesta original para el oto\u00f1o de 2026 con \u00abHexed\u00bb, <strong>una pel\u00edcula animada de fantas\u00eda en la que seguiremos a un adolescente algo raro y a su estricta madre<\/strong>, quienes descubren que las excentricidades del chico en realidad se deben a poderes m\u00e1gicos ocultos.&nbsp;<\/p>\n\n\n\n<p>La cinta, que <strong>busca recuperar la magia de los cl\u00e1sicos originales del estudio<\/strong>, tiene su estreno programado en EE.UU. para el 25 de noviembre de 2026, y es muy probable que en Espa\u00f1a llegue ese mismo fin de semana.<\/p>\n\n\n\n<h3 class=\"wp-block-heading\" id=\"jumanji-3\"><span class=\"ez-toc-section\" id=\"Jumanji_3_diciembre\"><\/span>Jumanji 3 (diciembre)<span class=\"ez-toc-section-end\"><\/span><\/h3>\n\n\n\n<ul class=\"wp-block-list\">\n<li><strong>T\u00edtulo original:<\/strong> Jumanji 3.<\/li>\n\n\n\n<li><strong>A\u00f1o: <\/strong>2026 (11 de diciembre en Espa\u00f1a).<\/li>\n\n\n\n<li><strong>Duraci\u00f3n:<\/strong> 124 minutos.<\/li>\n\n\n\n<li><strong>Direcci\u00f3n:<\/strong> Jake Kasdan.<\/li>\n\n\n\n<li><strong>Pa\u00eds: <\/strong>Estados Unidos.<br><\/li>\n<\/ul>\n\n\n\n<p>El equipo formado por <strong>\u00abThe Rock\u00bb, Kevin Hart, Jack Black y Karen Gillan regresa para una \u00faltima partida<\/strong>. La historia mezclar\u00e1 definitivamente el mundo real con el del videojuego m\u00e1gico, llevando la acci\u00f3n a un nuevo nivel.<\/p>\n\n\n\n<p>Jake Kasdan repite como director, <strong>garantizando la continuidad en el tono de acci\u00f3n y comedia f\u00edsica apta para toda la familia<\/strong>. \u00abJumanji 3\u00bb tiene fijado su estreno para el 11 de diciembre de 2026, fecha ideal para arrasar en la taquilla durante las vacaciones navide\u00f1as.<\/p>\n\n\n\n<h3 class=\"wp-block-heading\" id=\"angry-birds-3\"><span class=\"ez-toc-section\" id=\"The_Angry_Birds_Movie_3_diciembre\"><\/span>The Angry Birds Movie 3 (diciembre)<span class=\"ez-toc-section-end\"><\/span><\/h3>\n\n\n\n<ul class=\"wp-block-list\">\n<li><strong>T\u00edtulo original: <\/strong>The Angry Birds Movie 3.<\/li>\n\n\n\n<li><strong>A\u00f1o:<\/strong> 2026 (23 de diciembre en Espa\u00f1a).<\/li>\n\n\n\n<li><strong>Duraci\u00f3n: <\/strong>90 minutos.<\/li>\n\n\n\n<li><strong>Direcci\u00f3n:<\/strong> John Rice (y Pepe J. Sandoval, codirector).<\/li>\n\n\n\n<li><strong>Pa\u00eds: <\/strong>Estados Unidos \/ Finlandia.<br><\/li>\n<\/ul>\n\n\n\n<p>Los pajaritos m\u00e1s enfadados del mundo m\u00f3vil regresan a los cines con \u00abThe Angry Birds Movie 3\u00bb, <strong>pel\u00edcula que continuar\u00e1 las alocadas pericias de Red, Chuck, Bomb<\/strong> y compa\u00f1\u00eda.<\/p>\n\n\n\n<p>La animaci\u00f3n corre a cargo de Rovio Entertainment y Sony Pictures, y <strong>se espera el mismo estilo de comedia disparatada y acci\u00f3n colorida <\/strong>a las que nos tiene acostumbrados esta franquicia.&nbsp;<\/p>\n\n\n\n<h2 class=\"wp-block-heading\"><span class=\"ez-toc-section\" id=\"Estrenos_2026_de_comedia_terror_y_ciencia_ficcion\"><\/span>Estrenos 2026 de comedia, terror y ciencia ficci\u00f3n<span class=\"ez-toc-section-end\"><\/span><\/h2>\n\n\n\n<p>Para los aficionados al terror, la comedia y la ciencia ficci\u00f3n, hay buenas noticias. <strong>Los estrenos de 2026 tambi\u00e9n ofrecer\u00e1n<\/strong> una cartelera variada en estos g\u00e9neros, as\u00ed que habr\u00e1 risas, sustos y asombro garantizados para todos los gustos.<\/p>\n\n\n\n<h3 class=\"wp-block-heading\" id=\"scary-movie-6\"><span class=\"ez-toc-section\" id=\"Scary_Movie_6_Junio\"><\/span>Scary Movie 6 (Junio)<span class=\"ez-toc-section-end\"><\/span><\/h3>\n\n\n\n<ul class=\"wp-block-list\">\n<li><strong>T\u00edtulo original: <\/strong>Scary Movie 6.<\/li>\n\n\n\n<li><strong>A\u00f1o: <\/strong>2026 (12 de junio en Espa\u00f1a).<\/li>\n\n\n\n<li><strong>Duraci\u00f3n: <\/strong>92 minutos.<\/li>\n\n\n\n<li><strong>Direcci\u00f3n:<\/strong> Michael Tiddes.<\/li>\n\n\n\n<li><strong>Pa\u00eds: <\/strong>Estados Unidos.<\/li>\n<\/ul>\n\n\n\n<p>La franquicia que se mof\u00f3 de los mayores \u00e9xitos del terror <strong>regresa con un nuevo estreno en 2026<\/strong>. \u00abScary Movie 6\u00bb llegar\u00e1 a los cines el 12 de junio de 2026 en EE.UU. y, por lo tanto, este verano a Espa\u00f1a.&nbsp;<\/p>\n\n\n\n<p>Esta sexta parte<strong> promete volver a la f\u00f3rmula que hizo famosas a las originales<\/strong>: humor slapstick, referencias desenfrenadas a los \u00e9xitos recientes de terror y gags pol\u00edticamente incorrectos.<\/p>\n\n\n\n<p>Entre las pel\u00edculas que seguramente ser\u00e1n parodiadas se mencionan <strong>\u00abExpediente Warren\u00bb, \u00abScream\u00bb, \u00abM3GAN\u00bb<\/strong>, e incluso series como<strong> \u00abStranger Things\u00bb<\/strong>. El reparto combinar\u00e1 caras nuevas de la comedia con alg\u00fan regreso sorpresa de veteranos de la saga.<\/p>\n\n\n\n<h3 class=\"wp-block-heading\" id=\"fantasma-opera\"><span class=\"ez-toc-section\" id=\"El_fantasma_de_la_opera_diciembre\"><\/span>El fantasma de la \u00f3pera (diciembre)<span class=\"ez-toc-section-end\"><\/span><\/h3>\n\n\n\n<ul class=\"wp-block-list\">\n<li><strong>T\u00edtulo original: <\/strong>Le Fant\u00f4me de l&#8217;Op\u00e9ra (t\u00edtulo internacional: The Phantom of the Opera).<\/li>\n\n\n\n<li><strong>A\u00f1o:<\/strong> 2026 (4 de diciembre en Espa\u00f1a).<\/li>\n\n\n\n<li><strong>Duraci\u00f3n: <\/strong>116 minutos.<\/li>\n\n\n\n<li><strong>Direcci\u00f3n: <\/strong>Alexandre Castagnetti.<\/li>\n\n\n\n<li><strong>Pa\u00eds:<\/strong> Francia.<\/li>\n<\/ul>\n\n\n\n<p>\u00abEl fantasma de la \u00f3pera\u00bb (2026)<strong> se aleja del musical de Broadway para abrazar el terror g\u00f3tico<\/strong>.&nbsp;<\/p>\n\n\n\n<p>En este filme, Anastasia, una joven bailarina, se une al prestigioso Ballet de la \u00d3pera de Par\u00eds, donde empieza a ensayar Orfeo, <strong>una \u00f3pera maldita supuestamente compuesta por el mism\u00edsimo Fantasma<\/strong>.&nbsp;<\/p>\n\n\n\n<p>Si esta propuesta de terror g\u00f3tico te ha despertado el gusanillo por el g\u00e9nero, mientras esperas su estreno puedes explorar otras opciones disponibles en streaming. Descubre nuestra selecci\u00f3n de las <a href=\"https:\/\/www.lowi.es\/blog\/mejores-peliculas-de-miedo-de-netflix\/\">mejores pel\u00edculas de miedo de Netflix<\/a>.<\/p>\n\n\n\n<h3 class=\"wp-block-heading\"><span class=\"ez-toc-section\" id=\"Project_Hail_Mary\"><\/span>Project Hail Mary<span class=\"ez-toc-section-end\"><\/span><\/h3>\n\n\n\n<ul class=\"wp-block-list\">\n<li><strong>T\u00edtulo original: <\/strong>Project Hail Mary (esp.: Proyecto Salvaci\u00f3n).<\/li>\n\n\n\n<li><strong>A\u00f1o: <\/strong>2026 (20 de marzo en Espa\u00f1a).<\/li>\n\n\n\n<li><strong>Duraci\u00f3n:<\/strong> 130 minutos.<\/li>\n\n\n\n<li><strong>Direcci\u00f3n:<\/strong> Phil Lord &amp; Christopher Miller.<\/li>\n\n\n\n<li><strong>Pa\u00eds: <\/strong>Estados Unidos.<br><\/li>\n<\/ul>\n\n\n\n<p>Basada en la novela de Andy Weir,<strong> esta superproducci\u00f3n de ciencia ficci\u00f3n est\u00e1 protagonizada por Ryan Gosling <\/strong>en el papel de un astronauta que despierta solo en una nave interestelar sin recordar su identidad ni su misi\u00f3n.<\/p>\n\n\n\n<p>\u00abProject Hail Mary\u00bb (en espa\u00f1ol posiblemente titulada \u00abProyecto Salvaci\u00f3n\u00bb) combina elementos de <strong>supervivencia en el espacio, encuentros alien\u00edgenas y puzzles cient\u00edficos<\/strong>, con el humor ir\u00f3nico caracter\u00edstico de Weir.&nbsp;<\/p>\n","protected":false},"excerpt":{"rendered":"<p>\u00a1Prepara las palomitas! Te presentamos la gu\u00eda definitiva de los estrenos m\u00e1s esperados de 2026. Conoce las fechas, los tr\u00e1ilers y todo lo que necesitas saber sobre los bombazos cinematogr\u00e1ficos que vienen en camino.<\/p>\n","protected":false},"author":5,"featured_media":19429,"comment_status":"open","ping_status":"closed","sticky":false,"template":"","format":"standard","meta":{"_uag_custom_page_level_css":"","footnotes":""},"categories":[139],"tags":[203],"class_list":["post-11459","post","type-post","status-publish","format-standard","has-post-thumbnail","hentry","category-entretenimiento","tag-cine-y-series"],"jetpack_featured_media_url":"https:\/\/www.lowi.es\/blog\/wp-content\/uploads\/2022\/01\/Estrenos-2026-Cine-mas-esperado-del-ano.jpg","uagb_featured_image_src":{"full":["https:\/\/www.lowi.es\/blog\/wp-content\/uploads\/2022\/01\/Estrenos-2026-Cine-mas-esperado-del-ano.jpg",750,400,false],"thumbnail":["https:\/\/www.lowi.es\/blog\/wp-content\/uploads\/2022\/01\/Estrenos-2026-Cine-mas-esperado-del-ano-150x150.jpg",150,150,true],"medium":["https:\/\/www.lowi.es\/blog\/wp-content\/uploads\/2022\/01\/Estrenos-2026-Cine-mas-esperado-del-ano-300x160.jpg",300,160,true],"medium_large":["https:\/\/www.lowi.es\/blog\/wp-content\/uploads\/2022\/01\/Estrenos-2026-Cine-mas-esperado-del-ano.jpg",750,400,false],"large":["https:\/\/www.lowi.es\/blog\/wp-content\/uploads\/2022\/01\/Estrenos-2026-Cine-mas-esperado-del-ano.jpg",750,400,false],"1536x1536":["https:\/\/www.lowi.es\/blog\/wp-content\/uploads\/2022\/01\/Estrenos-2026-Cine-mas-esperado-del-ano.jpg",750,400,false],"2048x2048":["https:\/\/www.lowi.es\/blog\/wp-content\/uploads\/2022\/01\/Estrenos-2026-Cine-mas-esperado-del-ano.jpg",750,400,false],"authorship-box-avatar":["https:\/\/www.lowi.es\/blog\/wp-content\/uploads\/2022\/01\/Estrenos-2026-Cine-mas-esperado-del-ano-150x150.jpg",150,150,true],"authorship-box-related":["https:\/\/www.lowi.es\/blog\/wp-content\/uploads\/2022\/01\/Estrenos-2026-Cine-mas-esperado-del-ano-70x70.jpg",70,70,true],"small":["https:\/\/www.lowi.es\/blog\/wp-content\/uploads\/2022\/01\/Estrenos-2026-Cine-mas-esperado-del-ano-300x160.jpg",300,160,true],"yarpp-thumbnail":["https:\/\/www.lowi.es\/blog\/wp-content\/uploads\/2022\/01\/Estrenos-2026-Cine-mas-esperado-del-ano-120x120.jpg",120,120,true]},"uagb_author_info":{"display_name":"Lowi","author_link":"https:\/\/www.lowi.es\/blog\/autor\/blog-lowi\/"},"uagb_comment_info":0,"uagb_excerpt":"\u00a1Prepara las palomitas! Te presentamos la gu\u00eda definitiva de los estrenos m\u00e1s esperados de 2026. Conoce las fechas, los tr\u00e1ilers y todo lo que necesitas saber sobre los bombazos cinematogr\u00e1ficos que vienen en camino.","jetpack_sharing_enabled":true,"_links":{"self":[{"href":"https:\/\/www.lowi.es\/blog\/wp-json\/wp\/v2\/posts\/11459","targetHints":{"allow":["GET"]}}],"collection":[{"href":"https:\/\/www.lowi.es\/blog\/wp-json\/wp\/v2\/posts"}],"about":[{"href":"https:\/\/www.lowi.es\/blog\/wp-json\/wp\/v2\/types\/post"}],"author":[{"embeddable":true,"href":"https:\/\/www.lowi.es\/blog\/wp-json\/wp\/v2\/users\/5"}],"replies":[{"embeddable":true,"href":"https:\/\/www.lowi.es\/blog\/wp-json\/wp\/v2\/comments?post=11459"}],"version-history":[{"count":5,"href":"https:\/\/www.lowi.es\/blog\/wp-json\/wp\/v2\/posts\/11459\/revisions"}],"predecessor-version":[{"id":19437,"href":"https:\/\/www.lowi.es\/blog\/wp-json\/wp\/v2\/posts\/11459\/revisions\/19437"}],"wp:featuredmedia":[{"embeddable":true,"href":"https:\/\/www.lowi.es\/blog\/wp-json\/wp\/v2\/media\/19429"}],"wp:attachment":[{"href":"https:\/\/www.lowi.es\/blog\/wp-json\/wp\/v2\/media?parent=11459"}],"wp:term":[{"taxonomy":"category","embeddable":true,"href":"https:\/\/www.lowi.es\/blog\/wp-json\/wp\/v2\/categories?post=11459"},{"taxonomy":"post_tag","embeddable":true,"href":"https:\/\/www.lowi.es\/blog\/wp-json\/wp\/v2\/tags?post=11459"}],"curies":[{"name":"wp","href":"https:\/\/api.w.org\/{rel}","templated":true}]}}