{"id":10521,"date":"2021-10-28T17:00:14","date_gmt":"2021-10-28T15:00:14","guid":{"rendered":"https:\/\/www.lowi.es\/blog\/?p=10521"},"modified":"2022-10-06T10:35:31","modified_gmt":"2022-10-06T08:35:31","slug":"el-notch-llega-a-los-macbook-pro-y-recibe-muchas-criticas","status":"publish","type":"post","link":"https:\/\/www.lowi.es\/blog\/el-notch-llega-a-los-macbook-pro-y-recibe-muchas-criticas\/","title":{"rendered":"El \u2018notch\u2019 llega a los MacBook Pro y recibe muchas cr\u00edticas"},"content":{"rendered":"<p><span style=\"font-weight: 400;\">El nuevo port\u00e1til MacBook Pro ya est\u00e1 en manos de muchos usuarios y, tras <\/span><b>la \u00faltima incorporaci\u00f3n de un notch en la pantalla,<\/b><span style=\"font-weight: 400;\"> le est\u00e1n cayendo palos por todos lados. \u00bfPalos a algo que ha hecho Apple? Pues s\u00ed. En la compa\u00f1\u00eda estadounidense tampoco hacen todo a la perfecci\u00f3n y lo que ha sucedido con este nuevo dise\u00f1o es una buena muestra de ello.\u00a0<\/span><\/p>\n<p><span style=\"font-weight: 400;\">Pero&#8230; D\u00e9janos que antes de que te contemos qu\u00e9 es lo que no gusta de este nuevo Mac, te recomendemos nuestras <a href=\"https:\/\/www.lowi.es\/ofertas-fibra\/\">tarifas de internet<\/a>, para que utilices tu ordenador a gran velocidad y por un precio de risa.<\/span><\/p>\n<p><span style=\"font-weight: 400;\">Y si tambi\u00e9n quieres contratar con nosotros la l\u00ednea del m\u00f3vil (o l\u00edneas, porque puedes a\u00f1adir hasta 4 adicionales), tambi\u00e9n te saldr\u00e1 muy econ\u00f3mico. Tenemos diferentes <\/span><a href=\"https:\/\/www.lowi.es\/ofertas-fibra-y-movil\/\"><span style=\"font-weight: 400;\">ofertas de m\u00f3vil y fibra \u00f3ptica<\/span><\/a><span style=\"font-weight: 400;\">, seguro que alguna se ajusta a tus necesidades \ud83d\ude09 . Echa un vistazo a todas y <\/span><b>pasa a formar parte de nuestra familia<\/b><span style=\"font-weight: 400;\"> (si a\u00fan no eres un lower, claro).\u00a0\u00a0<\/span><\/p>\n<hr \/>\n<p><img loading=\"lazy\" decoding=\"async\" class=\"aligncenter wp-image-7800 size-medium\" src=\"https:\/\/www.lowi.es\/blog\/wp-content\/uploads\/2020\/06\/Convergente-300x250.gif\" alt=\"Banner de las ventajas de la fibra y m\u00f3vil de Lowi, como router e instalaci\u00f3n gratis\" width=\"300\" height=\"250\" \/><\/p>\n<hr \/>\n<div id=\"ez-toc-container\" class=\"ez-toc-v2_0_79_2 ez-toc-wrap-left counter-hierarchy ez-toc-counter ez-toc-custom ez-toc-container-direction\">\n<div class=\"ez-toc-title-container\">\n<p class=\"ez-toc-title\" style=\"cursor:inherit\">\u00cdndice de Contenidos<\/p>\n<span class=\"ez-toc-title-toggle\"><a href=\"#\" class=\"ez-toc-pull-right ez-toc-btn ez-toc-btn-xs ez-toc-btn-default ez-toc-toggle\" aria-label=\"Alternar tabla de contenidos\"><span class=\"ez-toc-js-icon-con\"><span class=\"\"><span class=\"eztoc-hide\" style=\"display:none;\">Toggle<\/span><span class=\"ez-toc-icon-toggle-span\"><svg style=\"fill: #696969;color:#696969\" xmlns=\"http:\/\/www.w3.org\/2000\/svg\" class=\"list-377408\" width=\"20px\" height=\"20px\" viewBox=\"0 0 24 24\" fill=\"none\"><path d=\"M6 6H4v2h2V6zm14 0H8v2h12V6zM4 11h2v2H4v-2zm16 0H8v2h12v-2zM4 16h2v2H4v-2zm16 0H8v2h12v-2z\" fill=\"currentColor\"><\/path><\/svg><svg style=\"fill: #696969;color:#696969\" class=\"arrow-unsorted-368013\" xmlns=\"http:\/\/www.w3.org\/2000\/svg\" width=\"10px\" height=\"10px\" viewBox=\"0 0 24 24\" version=\"1.2\" baseProfile=\"tiny\"><path d=\"M18.2 9.3l-6.2-6.3-6.2 6.3c-.2.2-.3.4-.3.7s.1.5.3.7c.2.2.4.3.7.3h11c.3 0 .5-.1.7-.3.2-.2.3-.5.3-.7s-.1-.5-.3-.7zM5.8 14.7l6.2 6.3 6.2-6.3c.2-.2.3-.5.3-.7s-.1-.5-.3-.7c-.2-.2-.4-.3-.7-.3h-11c-.3 0-.5.1-.7.3-.2.2-.3.5-.3.7s.1.5.3.7z\"\/><\/svg><\/span><\/span><\/span><\/a><\/span><\/div>\n<nav><ul class='ez-toc-list ez-toc-list-level-1 ' ><li class='ez-toc-page-1 ez-toc-heading-level-2'><a class=\"ez-toc-link ez-toc-heading-1\" href=\"https:\/\/www.lowi.es\/blog\/el-notch-llega-a-los-macbook-pro-y-recibe-muchas-criticas\/#%E2%80%98Notch_del_nuevo_MacBook_Pro_Ya_hay_apps_para_eliminarlo\" >\u2018Notch\u2019 del nuevo MacBook Pro: Ya hay apps para eliminarlo<\/a><ul class='ez-toc-list-level-3' ><li class='ez-toc-heading-level-3'><a class=\"ez-toc-link ez-toc-heading-2\" href=\"https:\/\/www.lowi.es\/blog\/el-notch-llega-a-los-macbook-pro-y-recibe-muchas-criticas\/#TopNotch_la_app_mas_popular\" >TopNotch: la app m\u00e1s popular<\/a><\/li><\/ul><\/li><li class='ez-toc-page-1 ez-toc-heading-level-2'><a class=\"ez-toc-link ez-toc-heading-3\" href=\"https:\/\/www.lowi.es\/blog\/el-notch-llega-a-los-macbook-pro-y-recibe-muchas-criticas\/#Asi_podria_ser_el_nuevo_MacBook_Air\" >As\u00ed podr\u00eda ser el nuevo MacBook Air<\/a><\/li><\/ul><\/nav><\/div>\n<h2><span class=\"ez-toc-section\" id=\"%E2%80%98Notch_del_nuevo_MacBook_Pro_Ya_hay_apps_para_eliminarlo\"><\/span><b>\u2018Notch\u2019 del nuevo MacBook Pro: Ya hay apps para eliminarlo<\/b><span class=\"ez-toc-section-end\"><\/span><\/h2>\n<p><span style=\"font-weight: 400;\">Incre\u00edble pero cierto. Si has sido uno de los afortunados en probar este nuevo Mac, te habr\u00e1s dado cuenta del <\/span><b>gran fallo que ha cometido Apple con el \u2018notch\u2019 de la pantalla.<\/b><span style=\"font-weight: 400;\"> Tremendo error por el que no dejan de caerle palos. Tantos, que ya hay aplicaciones que se encargan de quit\u00e1rtelo para que tu experiencia de navegaci\u00f3n no sea negativa.<\/span><\/p>\n<p><img loading=\"lazy\" decoding=\"async\" class=\"aligncenter wp-image-10522 size-full\" src=\"https:\/\/www.lowi.es\/blog\/wp-content\/uploads\/2021\/10\/Captura-de-pantalla-2021-10-28-a-las-10.39.50-1-1.jpg\" alt=\"Notch del MacBook Pro\" width=\"750\" height=\"407\" srcset=\"https:\/\/www.lowi.es\/blog\/wp-content\/uploads\/2021\/10\/Captura-de-pantalla-2021-10-28-a-las-10.39.50-1-1.jpg 750w, https:\/\/www.lowi.es\/blog\/wp-content\/uploads\/2021\/10\/Captura-de-pantalla-2021-10-28-a-las-10.39.50-1-1-300x163.jpg 300w\" sizes=\"auto, (max-width: 750px) 100vw, 750px\" \/><\/p>\n<p><span style=\"font-weight: 400;\">Por si te est\u00e1s preguntando qu\u00e9 es el notch, es la <\/span><b>parte negra de arriba de la pantalla<\/b><span style=\"font-weight: 400;\">, donde est\u00e1 la c\u00e1mara. As\u00ed de primeras, no se aprecia el fallo. El problema llega cuando abrimos una p\u00e1gina cuyo men\u00fa superior es m\u00e1s largo de lo normal porque&#8230;<\/span><b> \u00a1el \u2018notch\u2019 tapa las opciones! <\/b><span style=\"font-weight: 400;\">En lugar de que aparezcan a su izquierda o derecha, las deja por debajo y no las puedes ver (pero s\u00ed seleccionar). Surrealista. Una p\u00e9sima implementaci\u00f3n que nadie se esperaba viniendo del fabricante que viene.\u00a0<\/span><\/p>\n<p><span style=\"font-weight: 400;\">S\u00ed es cierto que <\/span><b>este nuevo MacBook Pro es m\u00e1s potente y eficiente<\/b><span style=\"font-weight: 400;\"> que los anteriores, pero ese error tira para atr\u00e1s a mucha gente a la hora de comprarlo. Por eso, para que los usuarios no lo tengan en cuenta y puedan disfrutar de este pepino de port\u00e1til (porque es un pepino, las cosas como son), hay apps para eliminarlo.<\/span><\/p>\n<h3><span class=\"ez-toc-section\" id=\"TopNotch_la_app_mas_popular\"><\/span><b>TopNotch: la app m\u00e1s popular<\/b><span class=\"ez-toc-section-end\"><\/span><\/h3>\n<p><a href=\"https:\/\/topnotch.app\/\" target=\"_blank\" rel=\"noopener noreferrer\"><span style=\"font-weight: 400;\">TopNotch<\/span><\/a><span style=\"font-weight: 400;\"> es la m\u00e1s utilizada para hacer desaparecer la muesca del MacBook Pro. Esta aplicaci\u00f3n solo <\/span><b>cambia el color y adapta la barra del men\u00fa<\/b><span style=\"font-weight: 400;\">. Simple y r\u00e1pido.\u00a0<\/span><\/p>\n<p><img loading=\"lazy\" decoding=\"async\" class=\"aligncenter wp-image-10523 size-full\" src=\"https:\/\/www.lowi.es\/blog\/wp-content\/uploads\/2021\/10\/barra-de-menu-con-topnotch-1.jpg\" alt=\"topnotch app para tapar el notch\" width=\"749\" height=\"234\" srcset=\"https:\/\/www.lowi.es\/blog\/wp-content\/uploads\/2021\/10\/barra-de-menu-con-topnotch-1.jpg 749w, https:\/\/www.lowi.es\/blog\/wp-content\/uploads\/2021\/10\/barra-de-menu-con-topnotch-1-300x94.jpg 300w\" sizes=\"auto, (max-width: 749px) 100vw, 749px\" \/><\/p>\n<h2><span class=\"ez-toc-section\" id=\"Asi_podria_ser_el_nuevo_MacBook_Air\"><\/span><b>As\u00ed podr\u00eda ser el nuevo MacBook Air<\/b><span class=\"ez-toc-section-end\"><\/span><\/h2>\n<p><span style=\"font-weight: 400;\">Para los que est\u00e1n esperando ansiosos el pr\u00f3ximo MacBook Air, deciros que <\/span><b>no llegar\u00e1 hasta la primavera de 2022<\/b><span style=\"font-weight: 400;\">, pero (obviamente) ya se est\u00e1 especulando con el \u201cc\u00f3mo ser\u00e1\u201d. Y tras ver los dise\u00f1os de los MacBook Pro de 14 y 16 pulgadas, nos imaginamos un port\u00e1til similar est\u00e9ticamente pero con prestaciones mejoradas.\u00a0<\/span><\/p>\n<p><img loading=\"lazy\" decoding=\"async\" class=\"aligncenter wp-image-10524 size-full\" src=\"https:\/\/www.lowi.es\/blog\/wp-content\/uploads\/2021\/10\/macbook-pro-14-y-16-pulgadas-1-1.jpg\" alt=\"MacBook Pro 14&quot; y 16&quot;\" width=\"749\" height=\"370\" srcset=\"https:\/\/www.lowi.es\/blog\/wp-content\/uploads\/2021\/10\/macbook-pro-14-y-16-pulgadas-1-1.jpg 749w, https:\/\/www.lowi.es\/blog\/wp-content\/uploads\/2021\/10\/macbook-pro-14-y-16-pulgadas-1-1-300x148.jpg 300w\" sizes=\"auto, (max-width: 749px) 100vw, 749px\" \/><\/p>\n<p><span style=\"font-weight: 400;\">Sea como fuere, y despu\u00e9s de tantas cr\u00edticas recibidas por el \u2018notch\u2019 de la pantalla, seguro que Apple aplica m\u00e1s de un cambio que nos dejar\u00e1 con la boca abierta \ud83d\ude2e .<\/span><\/p>\n","protected":false},"excerpt":{"rendered":"<p>El nuevo port\u00e1til MacBook Pro ya est\u00e1 en manos de muchos usuarios y, tras la incorporaci\u00f3n de un &#8216;notch&#8217; en la pantalla, le est\u00e1n cayendo palos por todos lados. Descubre qu\u00e9 ha pasado con este \u00faltimo dise\u00f1o del fabricante estadounidense. Ver para creer.<\/p>\n","protected":false},"author":5,"featured_media":10525,"comment_status":"open","ping_status":"closed","sticky":false,"template":"","format":"standard","meta":{"_uag_custom_page_level_css":"","footnotes":""},"categories":[6],"tags":[217,205],"class_list":["post-10521","post","type-post","status-publish","format-standard","has-post-thumbnail","hentry","category-tecnologia","tag-apps","tag-novedades"],"jetpack_featured_media_url":"https:\/\/www.lowi.es\/blog\/wp-content\/uploads\/2021\/10\/MacNotch.jpg","uagb_featured_image_src":{"full":["https:\/\/www.lowi.es\/blog\/wp-content\/uploads\/2021\/10\/MacNotch.jpg",750,400,false],"thumbnail":["https:\/\/www.lowi.es\/blog\/wp-content\/uploads\/2021\/10\/MacNotch-150x150.jpg",150,150,true],"medium":["https:\/\/www.lowi.es\/blog\/wp-content\/uploads\/2021\/10\/MacNotch-300x160.jpg",300,160,true],"medium_large":["https:\/\/www.lowi.es\/blog\/wp-content\/uploads\/2021\/10\/MacNotch.jpg",750,400,false],"large":["https:\/\/www.lowi.es\/blog\/wp-content\/uploads\/2021\/10\/MacNotch.jpg",750,400,false],"1536x1536":["https:\/\/www.lowi.es\/blog\/wp-content\/uploads\/2021\/10\/MacNotch.jpg",750,400,false],"2048x2048":["https:\/\/www.lowi.es\/blog\/wp-content\/uploads\/2021\/10\/MacNotch.jpg",750,400,false],"authorship-box-avatar":["https:\/\/www.lowi.es\/blog\/wp-content\/uploads\/2021\/10\/MacNotch.jpg",150,80,false],"authorship-box-related":["https:\/\/www.lowi.es\/blog\/wp-content\/uploads\/2021\/10\/MacNotch.jpg",70,37,false],"small":["https:\/\/www.lowi.es\/blog\/wp-content\/uploads\/2021\/10\/MacNotch.jpg",300,160,false],"yarpp-thumbnail":["https:\/\/www.lowi.es\/blog\/wp-content\/uploads\/2021\/10\/MacNotch.jpg",120,64,false]},"uagb_author_info":{"display_name":"Lowi","author_link":"https:\/\/www.lowi.es\/blog\/autor\/blog-lowi\/"},"uagb_comment_info":0,"uagb_excerpt":"El nuevo port\u00e1til MacBook Pro ya est\u00e1 en manos de muchos usuarios y, tras la incorporaci\u00f3n de un 'notch' en la pantalla, le est\u00e1n cayendo palos por todos lados. Descubre qu\u00e9 ha pasado con este \u00faltimo dise\u00f1o del fabricante estadounidense. Ver para creer.","jetpack_sharing_enabled":true,"_links":{"self":[{"href":"https:\/\/www.lowi.es\/blog\/wp-json\/wp\/v2\/posts\/10521","targetHints":{"allow":["GET"]}}],"collection":[{"href":"https:\/\/www.lowi.es\/blog\/wp-json\/wp\/v2\/posts"}],"about":[{"href":"https:\/\/www.lowi.es\/blog\/wp-json\/wp\/v2\/types\/post"}],"author":[{"embeddable":true,"href":"https:\/\/www.lowi.es\/blog\/wp-json\/wp\/v2\/users\/5"}],"replies":[{"embeddable":true,"href":"https:\/\/www.lowi.es\/blog\/wp-json\/wp\/v2\/comments?post=10521"}],"version-history":[{"count":7,"href":"https:\/\/www.lowi.es\/blog\/wp-json\/wp\/v2\/posts\/10521\/revisions"}],"predecessor-version":[{"id":17053,"href":"https:\/\/www.lowi.es\/blog\/wp-json\/wp\/v2\/posts\/10521\/revisions\/17053"}],"wp:featuredmedia":[{"embeddable":true,"href":"https:\/\/www.lowi.es\/blog\/wp-json\/wp\/v2\/media\/10525"}],"wp:attachment":[{"href":"https:\/\/www.lowi.es\/blog\/wp-json\/wp\/v2\/media?parent=10521"}],"wp:term":[{"taxonomy":"category","embeddable":true,"href":"https:\/\/www.lowi.es\/blog\/wp-json\/wp\/v2\/categories?post=10521"},{"taxonomy":"post_tag","embeddable":true,"href":"https:\/\/www.lowi.es\/blog\/wp-json\/wp\/v2\/tags?post=10521"}],"curies":[{"name":"wp","href":"https:\/\/api.w.org\/{rel}","templated":true}]}}